{"id":15114,"date":"2014-08-19T23:12:33","date_gmt":"2014-08-20T02:12:33","guid":{"rendered":"http:\/\/www.blogdotarugao.com.br\/v1\/?p=15114"},"modified":"2014-08-19T19:20:45","modified_gmt":"2014-08-19T22:20:45","slug":"projeto-primeiro-passo-e-destaque-em-revista-nacional","status":"publish","type":"post","link":"https:\/\/www.blogdotarugao.com.br\/v1\/2014\/08\/19\/projeto-primeiro-passo-e-destaque-em-revista-nacional\/","title":{"rendered":"Projeto &#8220;Primeiro Passo&#8221; \u00e9 destaque em revista nacional"},"content":{"rendered":"<p style=\"color: #444444;\"><img src=\"http:\/\/www.bocaonews.com.br\/galeria\/foto\/2148,acm-neto-lanca-programa-primeiro-passo-029.jpg\" alt=\"\" \/><\/p>\n<p><span style=\"color: #444444;\">A revista Caros Amigos se debru\u00e7ou este m\u00eas em um projeto da prefeitura de Salvador que, segundo a mensal que circula em todo o pa\u00eds, chocou educadores e trabalhadores da educa\u00e7\u00e3o. No final de julho, o prefeito ACM Neto (DEM) lan\u00e7ou o programa \u201cPrimeiro Passo\u201d, que pretende dar aux\u00edlio financeiro de R$ 50 a cada crian\u00e7a &#8211; de 0 a 5 anos &#8211; que n\u00e3o tenha acesso \u00e0s creches.<\/p>\n<p>Segundo a publica\u00e7\u00e3o, os docentes veem na iniciativa um descaso da administra\u00e7\u00e3o soteropolitana com a educa\u00e7\u00e3o infantil no munic\u00edpio, j\u00e1 que tenta se isentar da responsabilidade de fornecer creches.<\/p>\n<p>Disse em entrevista \u00e0 mensal Marilene Betros, diretora de assuntos jur\u00eddicos do Sindicato dos Trabalhadores em Educa\u00e7\u00e3o da Bahia (APLB): \u201cAchamos que o munic\u00edpio deve investir em creches p\u00fablicas que d\u00ea qualidade de vida \u00e0s m\u00e3es trabalhadoras, por isso n\u00e3o concordamos com essa provid\u00eancia como se fosse a \u00fanica sa\u00edda (&#8230;) A ideia por tr\u00e1s do projeto \u00e9 que, ao inv\u00e9s de colocarem seus filhos nas creches p\u00fablicas, as fam\u00edlias utilizem institui\u00e7\u00f5es privadas com a ajuda financeira fornecida\u201d, criticou.<img loading=\"lazy\" src=\"http:\/\/www.bocaonews.com.br\/ckfinder\/userfiles\/fotos_e_imagens\/POLITICA\/BAHIA\/APLB\/marilene_betros_manifestacao_alfaebeto_RV_bocaonews.JPG\" alt=\"\" width=\"588\" height=\"533\" \/><\/p>\n<p>Ainda Segundo Marilene, o Primeiro Passo \u00e9 uma altera\u00e7\u00e3o do projeto \u201cSegunda M\u00e3e\u201d, n\u00e3o aprovado no Legislativo. A proposta era pagar uma pequena quantia para que m\u00e3es das comunidades sem creches, e que n\u00e3o trabalhassem fora, cuidassem dos pequenos. \u201cN\u00f3s questionamos muito esse projeto porque achamos que se deve valorizar os profissionais da educa\u00e7\u00e3o infantil. N\u00e3o \u00e9 qualquer um que pode chegar e se habilitar a ser o professor, n\u00e3o concordamos com esse faz de conta\u201d, condenou a educadora, que informou que a APLB-BA se mobilizar\u00e1 para tentar barrar o projeto que j\u00e1 tramita na C\u00e2mara Municipal em car\u00e1ter de urg\u00eancia.<\/p>\n<p>Desde que foi lan\u00e7ado, o projeto da prefeitura tem causado pol\u00eamica entre favor\u00e1veis e contr\u00e1rios.<\/span><\/p>\n","protected":false},"excerpt":{"rendered":"<p>A revista Caros Amigos se debru\u00e7ou este m\u00eas em um projeto da prefeitura de Salvador que, segundo a mensal que circula em todo o pa\u00eds, chocou educadores e trabalhadores da educa\u00e7\u00e3o. No final de julho, o prefeito ACM Neto (DEM) lan\u00e7ou o programa \u201cPrimeiro Passo\u201d, que pretende dar aux\u00edlio financeiro de R$ 50 a cada [&hellip;]<\/p>\n","protected":false},"author":2,"featured_media":0,"comment_status":"open","ping_status":"open","sticky":false,"template":"","format":"standard","meta":{"_links_to":"","_links_to_target":""},"categories":[6,13,7],"tags":[],"_links":{"self":[{"href":"https:\/\/www.blogdotarugao.com.br\/v1\/wp-json\/wp\/v2\/posts\/15114"}],"collection":[{"href":"https:\/\/www.blogdotarugao.com.br\/v1\/wp-json\/wp\/v2\/posts"}],"about":[{"href":"https:\/\/www.blogdotarugao.com.br\/v1\/wp-json\/wp\/v2\/types\/post"}],"author":[{"embeddable":true,"href":"https:\/\/www.blogdotarugao.com.br\/v1\/wp-json\/wp\/v2\/users\/2"}],"replies":[{"embeddable":true,"href":"https:\/\/www.blogdotarugao.com.br\/v1\/wp-json\/wp\/v2\/comments?post=15114"}],"version-history":[{"count":1,"href":"https:\/\/www.blogdotarugao.com.br\/v1\/wp-json\/wp\/v2\/posts\/15114\/revisions"}],"predecessor-version":[{"id":15115,"href":"https:\/\/www.blogdotarugao.com.br\/v1\/wp-json\/wp\/v2\/posts\/15114\/revisions\/15115"}],"wp:attachment":[{"href":"https:\/\/www.blogdotarugao.com.br\/v1\/wp-json\/wp\/v2\/media?parent=15114"}],"wp:term":[{"taxonomy":"category","embeddable":true,"href":"https:\/\/www.blogdotarugao.com.br\/v1\/wp-json\/wp\/v2\/categories?post=15114"},{"taxonomy":"post_tag","embeddable":true,"href":"https:\/\/www.blogdotarugao.com.br\/v1\/wp-json\/wp\/v2\/tags?post=15114"}],"curies":[{"name":"wp","href":"https:\/\/api.w.org\/{rel}","templated":true}]}}