{"id":15116,"date":"2014-08-19T23:00:26","date_gmt":"2014-08-20T02:00:26","guid":{"rendered":"http:\/\/www.blogdotarugao.com.br\/v1\/?p=15116"},"modified":"2014-08-19T23:50:09","modified_gmt":"2014-08-20T02:50:09","slug":"no-brasil-mortes-por-depressao-crescem-705-em-16-anos-2","status":"publish","type":"post","link":"https:\/\/www.blogdotarugao.com.br\/v1\/2014\/08\/19\/no-brasil-mortes-por-depressao-crescem-705-em-16-anos-2\/","title":{"rendered":"No Brasil, mortes por depress\u00e3o crescem 705% em 16 anos"},"content":{"rendered":"<p style=\"color: #000000;\"><a style=\"color: #5780a3;\" href=\"http:\/\/www.blogdotarugao.com.br\/v1\/wp-content\/uploads\/2014\/08\/depressao.jpg\" class=\"gallery_colorbox\" data-slb-group=\"15047\" data-slb-active=\"1\" data-slb-internal=\"0\"><img loading=\"lazy\" class=\"aligncenter  wp-image-15049\" src=\"http:\/\/www.blogdotarugao.com.br\/v1\/wp-content\/uploads\/2014\/08\/depressao.jpg\"  alt=\"depressao\" width=\"428\" height=\"269\" \/><\/a><\/p>\n<p style=\"color: #000000;\">Em 16 anos, o n\u00famero de mortes relacionadas com depress\u00e3o cresceu 705% no Brasil, mostra levantamento in\u00e9dito feito pelo jornal O Estado de S. Paulo com base nos dados do sistema de mortalidade do Datasus. Est\u00e3o inclu\u00eddos na estat\u00edstica casos de suic\u00eddio e outras mortes motivadas por problemas de sa\u00fade decorrentes de epis\u00f3dios depressivos.<\/p>\n<p style=\"color: #000000;\">Foi a depress\u00e3o, somada \u00e0 depend\u00eancia qu\u00edmica, o que provavelmente levou o ator americano Robin William, de 63 anos, a se matar, na segunda-feira passada, dia 11. Os dados mostram que, em 1996, 58 pessoas morreram por uma causa associada \u00e0 depress\u00e3o. Em 2012, \u00faltimo dado dispon\u00edvel, foram 467.<\/p>\n<p style=\"color: #000000;\">O n\u00famero total de suic\u00eddios tamb\u00e9m teve aumento significativo no Brasil. Passou de 6.743 para 10.321 no mesmo per\u00edodo, uma m\u00e9dia de 28 mortes por dia. As taxas de suic\u00eddio s\u00e3o muito superiores \u00e0s mortes associadas \u00e0 depress\u00e3o porque, na maioria dos casos, o atestado de \u00f3bito n\u00e3o traz a doen\u00e7a como causa associada.<!--more--><\/p>\n<p style=\"color: #000000;\">No Brasil, a faixa et\u00e1ria correspondente \u00e0 terceira idade \u00e9 a que re\u00fane as estat\u00edsticas mais preocupantes. No caso de mortes relacionadas \u00e0 depress\u00e3o, os maiores \u00edndices est\u00e3o concentrados em pessoas com mais de 60 anos, com o \u00e1pice depois dos 80 anos.<\/p>\n<p style=\"color: #000000;\">No caso dos suic\u00eddios, embora os n\u00fameros absolutos n\u00e3o sejam maiores entre os idosos, a maior taxa de crescimento no per\u00edodo analisado ocorreu entre pessoas com mais de 80 anos. Entre 1996 e 2012, o suic\u00eddio cresceu 154% nesta faixa et\u00e1ria.<\/p>\n","protected":false},"excerpt":{"rendered":"<p>Em 16 anos, o n\u00famero de mortes relacionadas com depress\u00e3o cresceu 705% no Brasil, mostra levantamento in\u00e9dito feito pelo jornal O Estado de S. Paulo com base nos dados do sistema de mortalidade do Datasus. Est\u00e3o inclu\u00eddos na estat\u00edstica casos de suic\u00eddio e outras mortes motivadas por problemas de sa\u00fade decorrentes de epis\u00f3dios depressivos. Foi [&hellip;]<\/p>\n","protected":false},"author":2,"featured_media":0,"comment_status":"open","ping_status":"open","sticky":false,"template":"","format":"standard","meta":{"_links_to":"","_links_to_target":""},"categories":[1,12],"tags":[],"_links":{"self":[{"href":"https:\/\/www.blogdotarugao.com.br\/v1\/wp-json\/wp\/v2\/posts\/15116"}],"collection":[{"href":"https:\/\/www.blogdotarugao.com.br\/v1\/wp-json\/wp\/v2\/posts"}],"about":[{"href":"https:\/\/www.blogdotarugao.com.br\/v1\/wp-json\/wp\/v2\/types\/post"}],"author":[{"embeddable":true,"href":"https:\/\/www.blogdotarugao.com.br\/v1\/wp-json\/wp\/v2\/users\/2"}],"replies":[{"embeddable":true,"href":"https:\/\/www.blogdotarugao.com.br\/v1\/wp-json\/wp\/v2\/comments?post=15116"}],"version-history":[{"count":3,"href":"https:\/\/www.blogdotarugao.com.br\/v1\/wp-json\/wp\/v2\/posts\/15116\/revisions"}],"predecessor-version":[{"id":15131,"href":"https:\/\/www.blogdotarugao.com.br\/v1\/wp-json\/wp\/v2\/posts\/15116\/revisions\/15131"}],"wp:attachment":[{"href":"https:\/\/www.blogdotarugao.com.br\/v1\/wp-json\/wp\/v2\/media?parent=15116"}],"wp:term":[{"taxonomy":"category","embeddable":true,"href":"https:\/\/www.blogdotarugao.com.br\/v1\/wp-json\/wp\/v2\/categories?post=15116"},{"taxonomy":"post_tag","embeddable":true,"href":"https:\/\/www.blogdotarugao.com.br\/v1\/wp-json\/wp\/v2\/tags?post=15116"}],"curies":[{"name":"wp","href":"https:\/\/api.w.org\/{rel}","templated":true}]}}