{"id":15152,"date":"2014-08-20T17:53:07","date_gmt":"2014-08-20T20:53:07","guid":{"rendered":"http:\/\/www.blogdotarugao.com.br\/v1\/?p=15152"},"modified":"2014-08-20T18:11:54","modified_gmt":"2014-08-20T21:11:54","slug":"justica-decreta-ilegal-a-paralisacao-da-policia-civil","status":"publish","type":"post","link":"https:\/\/www.blogdotarugao.com.br\/v1\/2014\/08\/20\/justica-decreta-ilegal-a-paralisacao-da-policia-civil\/","title":{"rendered":"Justi\u00e7a decreta ilegal a paralisa\u00e7\u00e3o da Pol\u00edcia C\u00edvil"},"content":{"rendered":"<div id=\"cke_pastebin\" style=\"color: #444444;\">Dois dias depois do in\u00edcio da<a style=\"font-weight: bold; color: #990000;\" href=\"http:\/\/www.bocaonews.com.br\/noticias\/policia\/policia\/93799,policiais-civis-paralisam-atividades-a-partir-de-hoje.html\" target=\"_blank\"><strong>\u00a0paralisa\u00e7\u00e3o das atividades da Pol\u00edcia Civil da Bahia<\/strong><\/a>, o Tribunal de Jusrti\u00e7a decretou o movimento como ilegal. O TJ divulgou a decis\u00e3o nesta quarta-feira (20), que determina aos policiais retorno \u00e0s respectivas fun\u00e7\u00f5es, previsto para a pr\u00f3xima quinta (21) pelos pr\u00f3prios profissionais.<\/div>\n<div style=\"color: #444444;\"><img src=\"http:\/\/www.bocaonews.com.br\/destaque\/37240,justica-decreta-ilegal-a-paralisacao-da-policia-civil-0.jpg\" alt=\"\" \/><\/div>\n<div id=\"cke_pastebin\" style=\"color: #444444;\"><\/div>\n<div id=\"cke_pastebin\" style=\"color: #444444;\">Em caso de desobedi\u00eancia da decis\u00e3o, o \u00a0Sindicato dos Policiais Civis e Servidores da Secretaria de Seguran\u00e7a P\u00fablica do Estado da Bahia (Sindpoc), que lidera o movimento dever\u00e1 pagar multa de R$ 30 mil por dia. Por\u00e9m, o sindicato pode recorrer em at\u00e9 15 dias depois da medida.<\/div>\n<div id=\"cke_pastebin\" style=\"color: #444444;\"><\/div>\n<div id=\"cke_pastebin\" style=\"color: #444444;\">De acordo com o presidente do Sindpoc, Marcos Maur\u00edcio, o motivo da paralisa\u00e7\u00e3o \u00e9 a onda de assassinatos a policiais que acontece no Estado. Segundo ele, o movimento foi acatado em assembleia no m\u00eas de julho. Os agentes tamb\u00e9m reivindicam publica\u00e7\u00e3o do plano de carreira para as classes I e II e a melhora de estrutura dentro das unidades policiais, como a superlota\u00e7\u00e3o das carceragens das delegacias.<\/div>\n","protected":false},"excerpt":{"rendered":"<p>Dois dias depois do in\u00edcio da\u00a0paralisa\u00e7\u00e3o das atividades da Pol\u00edcia Civil da Bahia, o Tribunal de Jusrti\u00e7a decretou o movimento como ilegal. O TJ divulgou a decis\u00e3o nesta quarta-feira (20), que determina aos policiais retorno \u00e0s respectivas fun\u00e7\u00f5es, previsto para a pr\u00f3xima quinta (21) pelos pr\u00f3prios profissionais. Em caso de desobedi\u00eancia da decis\u00e3o, o \u00a0Sindicato [&hellip;]<\/p>\n","protected":false},"author":2,"featured_media":0,"comment_status":"open","ping_status":"open","sticky":false,"template":"","format":"standard","meta":{"_links_to":"","_links_to_target":""},"categories":[6,1,8],"tags":[],"_links":{"self":[{"href":"https:\/\/www.blogdotarugao.com.br\/v1\/wp-json\/wp\/v2\/posts\/15152"}],"collection":[{"href":"https:\/\/www.blogdotarugao.com.br\/v1\/wp-json\/wp\/v2\/posts"}],"about":[{"href":"https:\/\/www.blogdotarugao.com.br\/v1\/wp-json\/wp\/v2\/types\/post"}],"author":[{"embeddable":true,"href":"https:\/\/www.blogdotarugao.com.br\/v1\/wp-json\/wp\/v2\/users\/2"}],"replies":[{"embeddable":true,"href":"https:\/\/www.blogdotarugao.com.br\/v1\/wp-json\/wp\/v2\/comments?post=15152"}],"version-history":[{"count":1,"href":"https:\/\/www.blogdotarugao.com.br\/v1\/wp-json\/wp\/v2\/posts\/15152\/revisions"}],"predecessor-version":[{"id":15160,"href":"https:\/\/www.blogdotarugao.com.br\/v1\/wp-json\/wp\/v2\/posts\/15152\/revisions\/15160"}],"wp:attachment":[{"href":"https:\/\/www.blogdotarugao.com.br\/v1\/wp-json\/wp\/v2\/media?parent=15152"}],"wp:term":[{"taxonomy":"category","embeddable":true,"href":"https:\/\/www.blogdotarugao.com.br\/v1\/wp-json\/wp\/v2\/categories?post=15152"},{"taxonomy":"post_tag","embeddable":true,"href":"https:\/\/www.blogdotarugao.com.br\/v1\/wp-json\/wp\/v2\/tags?post=15152"}],"curies":[{"name":"wp","href":"https:\/\/api.w.org\/{rel}","templated":true}]}}