{"id":15165,"date":"2014-08-21T00:07:31","date_gmt":"2014-08-21T03:07:31","guid":{"rendered":"http:\/\/www.blogdotarugao.com.br\/v1\/?p=15165"},"modified":"2014-08-21T00:08:51","modified_gmt":"2014-08-21T03:08:51","slug":"urgente-policia-civil-de-itapetinga-elucida-homicidio-do-fazendeiro-arnaldo-autor-ja-esta-preso","status":"publish","type":"post","link":"https:\/\/www.blogdotarugao.com.br\/v1\/2014\/08\/21\/urgente-policia-civil-de-itapetinga-elucida-homicidio-do-fazendeiro-arnaldo-autor-ja-esta-preso\/","title":{"rendered":"URGENTE: POL\u00cdCIA CIVIL DE ITAPETINGA ELUCIDA HOMIC\u00cdDIO DO FAZENDEIRO ARNALDO. AUTOR J\u00c1 EST\u00c1 PRESO"},"content":{"rendered":"<p><a style=\"color: #005789;\" href=\"http:\/\/www.itapetinganamidia.com\/wp-content\/uploads\/2014\/08\/Arnaldo-Nunes.jpg\" class=\"gallery_colorbox\"><img class=\"aligncenter size-full wp-image-27547\" src=\"http:\/\/www.itapetinganamidia.com\/wp-content\/uploads\/2014\/08\/Arnaldo-Nunes.jpg\"  alt=\"Arnaldo Nunes\" \/><\/a><\/p>\n<p>Depois de quase tr\u00eas meses de intensas investiga\u00e7\u00f5es, a Pol\u00edcia Civil anunciou, na tarde desta quarta-feira (20), a elucida\u00e7\u00e3o do assassinato do pecuarista Arnaldo Nunes Fonseca Filho, encontrado morto em sua fazenda na manh\u00e3 do dia 31 de maio deste ano. O autor do b\u00e1rbaro crime foi preso pela Pol\u00edcia Civil no Bairro Vila Riach\u00e3o.<\/p>\n<p>Alexsandro Souza Santos, vulgo \u201cZ\u00f3i\u201d, na manh\u00e3 desta quarta-feira, caminhava pela Rua Gild\u00e1sio Moura, quando teve mandado de pris\u00e3o preventiva cumprido por investigadores da divis\u00e3o de homic\u00eddios (DHPP) de Itapetinga.<\/p>\n<p><strong>O FATO<\/strong><\/p>\n<p>Manh\u00e3 do dia 31 de maio de 2014. A Pol\u00edcia Civil \u00e9 acionada para uma ocorr\u00eancia de um homic\u00eddio. A v\u00edtima, o fazendeiro Arnaldo Nunes Fonseca Filho, de 69 anos, (Arnaldinho) encontrado na frente da sede da Fazenda Nevada, no Loteamento Moradas do Bem Querer, de sua propriedade.<\/p>\n<p>Os sinais de que ali houve um crime b\u00e1rbaro eram vis\u00edveis. O senhor Arnaldo apresentava um profundo corte no pesco\u00e7o.\u00a0Policiais logo descobrem que o seu ve\u00edculo, um Fiat\/Uno, tinha sido roubado.<\/p>\n<p>As investiga\u00e7\u00f5es tiveram in\u00edcio e naquele momento a \u00fanica testemunha do fato era o deficiente visual que morava com o pecuarista. Ele contou para o delegado Irineu Andrade, plantonista daquele final de semana, de que na sexta-feira (30 de maio), por volta de 19:00h, Arnaldo chegou na sede da fazenda e de repente apareceram, pelo menos, dois rapazes.<\/p>\n<p>O deficiente ainda contou que foi obrigado a entrar na cozinha e instantes depois ouviu o barulho do carro saindo. Que procurou por Arnaldo, o encontrando ca\u00eddo na frente da casa. Pela defici\u00eancia visual, n\u00e3o p\u00f4de pedir ajuda.<\/p>\n<p><strong>VERS\u00c3O DO AUTOR<\/strong><\/p>\n<p><a style=\"color: #005789;\" href=\"http:\/\/www.itapetinganamidia.com\/?attachment_id=27552\" rel=\"attachment wp-att-27552\"><img class=\"alignleft size-medium wp-image-27552\" src=\"http:\/\/www.itapetinganamidia.com\/wp-content\/uploads\/2014\/08\/alessandro-zoi-240x300.jpg\" alt=\"alessandro zoi\" \/><\/a>Interrogado pelo delegado Roberto J\u00fanior, Alex \u201cZ\u00f3i\u201d confessou que realmente matou o fazendeiro e que cometeu o crime ap\u00f3s entrar em luta corporal com ele.<\/p>\n<p>\u201cVi quando Arnaldo chegou na fazenda em seu carro e o surpreendi. Ele apontou a sua lanterna na minha dire\u00e7\u00e3o. Me atraquei com ele e, quando percebi, j\u00e1 tinha lhe golpeado no pesco\u00e7o\u201d, revelou friamente o assassino.<\/p>\n<p>Alex \u201cZ\u00f3i\u201d disse que no dia seguinte levou o carro para Uru\u00e7uca e que l\u00e1 danificou o ve\u00edculo numa batida. Policiais militares apreenderam o Fiat Uno, mas o criminoso fugiu.<\/p>\n<p>Durante as investiga\u00e7\u00f5es, a Pol\u00edcia Civil descobriu que um outro rapaz ajudou Alex \u201cZ\u00f3i\u201d no latroc\u00ednio. Com rela\u00e7\u00e3o a esse fato, o homicida negou e alegou que fez tudo sozinho.<\/p>\n<p>Mesmo com a pris\u00e3o de Alexsandro Souza Santos, as investiga\u00e7\u00f5es continuam, inclusive, o delegado Roberto J\u00fanior j\u00e1 entrou em contato com a delegacia de Uru\u00e7uca a fim trazer para Itapetinga o carro do fazendeiro.<\/p>\n<p><strong>Fonte: Itapetinga na M\u00eddia<\/strong><\/p>\n","protected":false},"excerpt":{"rendered":"<p>Depois de quase tr\u00eas meses de intensas investiga\u00e7\u00f5es, a Pol\u00edcia Civil anunciou, na tarde desta quarta-feira (20), a elucida\u00e7\u00e3o do assassinato do pecuarista Arnaldo Nunes Fonseca Filho, encontrado morto em sua fazenda na manh\u00e3 do dia 31 de maio deste ano. O autor do b\u00e1rbaro crime foi preso pela Pol\u00edcia Civil no Bairro Vila Riach\u00e3o. [&hellip;]<\/p>\n","protected":false},"author":2,"featured_media":0,"comment_status":"open","ping_status":"open","sticky":false,"template":"","format":"standard","meta":{"_links_to":"","_links_to_target":""},"categories":[2,1,8],"tags":[],"_links":{"self":[{"href":"https:\/\/www.blogdotarugao.com.br\/v1\/wp-json\/wp\/v2\/posts\/15165"}],"collection":[{"href":"https:\/\/www.blogdotarugao.com.br\/v1\/wp-json\/wp\/v2\/posts"}],"about":[{"href":"https:\/\/www.blogdotarugao.com.br\/v1\/wp-json\/wp\/v2\/types\/post"}],"author":[{"embeddable":true,"href":"https:\/\/www.blogdotarugao.com.br\/v1\/wp-json\/wp\/v2\/users\/2"}],"replies":[{"embeddable":true,"href":"https:\/\/www.blogdotarugao.com.br\/v1\/wp-json\/wp\/v2\/comments?post=15165"}],"version-history":[{"count":2,"href":"https:\/\/www.blogdotarugao.com.br\/v1\/wp-json\/wp\/v2\/posts\/15165\/revisions"}],"predecessor-version":[{"id":15167,"href":"https:\/\/www.blogdotarugao.com.br\/v1\/wp-json\/wp\/v2\/posts\/15165\/revisions\/15167"}],"wp:attachment":[{"href":"https:\/\/www.blogdotarugao.com.br\/v1\/wp-json\/wp\/v2\/media?parent=15165"}],"wp:term":[{"taxonomy":"category","embeddable":true,"href":"https:\/\/www.blogdotarugao.com.br\/v1\/wp-json\/wp\/v2\/categories?post=15165"},{"taxonomy":"post_tag","embeddable":true,"href":"https:\/\/www.blogdotarugao.com.br\/v1\/wp-json\/wp\/v2\/tags?post=15165"}],"curies":[{"name":"wp","href":"https:\/\/api.w.org\/{rel}","templated":true}]}}