{"id":15188,"date":"2014-08-21T20:07:15","date_gmt":"2014-08-21T23:07:15","guid":{"rendered":"http:\/\/www.blogdotarugao.com.br\/v1\/?p=15188"},"modified":"2014-08-21T20:07:15","modified_gmt":"2014-08-21T23:07:15","slug":"marina-lanca-marca-de-campanha-e-comeca-a-pedir-votos-no-facebook","status":"publish","type":"post","link":"https:\/\/www.blogdotarugao.com.br\/v1\/2014\/08\/21\/marina-lanca-marca-de-campanha-e-comeca-a-pedir-votos-no-facebook\/","title":{"rendered":"Marina lan\u00e7a marca de campanha e come\u00e7a a pedir votos no Facebook"},"content":{"rendered":"<div id=\"cke_pastebin\" style=\"color: #444444;\"><img src=\"http:\/\/www.bocaonews.com.br\/ckfinder\/userfiles\/fotos_e_imagens\/10626730_844730162205282_6577854386495052504_n%20(1).jpg\" alt=\"\" \/>O perfil oficial no Facebook da candidata \u00e0 presid\u00eancia da Rep\u00fablica pelo PSB, Marina Silva, postou no meio da tarde desta quinta-feira (21) o que poder\u00e1 ser a nova logomarca de sua campanha, que tem como vice o deputado federal Beto Albuquerque (PSB). Sem uma superprodu\u00e7\u00e3o gr\u00e1fica, a marca usa predominantemente o verde ao fundo e no nome do vice. O nome de Marina est\u00e1 em branco e o n\u00famero da sigla em amarelo.\n<\/div>\n<div id=\"cke_pastebin\" style=\"color: #444444;\">No Facebook, Marina bate o seus dois principais advers\u00e1rios na corrida ao Pal\u00e1cio do Planalto &#8211; Dilma Rousseff (PT) e A\u00e9cio Neves (PSDB) &#8211;\u00a0no n\u00famero de seguidores.\u00a0A ex-senadora conta atualmente com 1.235.275 de curtidas em seu perfil oficial. A\u00e9cio aparece em segundo com 1.171.670 de seguidores\u00a0e Dilma est\u00e1 na terceira posi\u00e7\u00e3o com 942.881.<\/div>\n<div id=\"cke_pastebin\" style=\"color: #444444;\">\nNa sua primeira publica\u00e7\u00e3o oficial nas redes sociais como candidata, o post em 30 minutos alcan\u00e7ou 14 mil curtidas, tr\u00eas mil compartilhamentos e 800 coment\u00e1rios. Em 2010, os 20 milh\u00f5es de votos que a postulante a presidente da Rep\u00fablica pelo PV obteve foi atribu\u00eddo, principalmente, \u00e0s redes sociais, consideradas um dos fatores da sua vota\u00e7\u00e3o.<\/p>\n<\/div>\n<div style=\"color: #444444;\"><img src=\"http:\/\/www.bocaonews.com.br\/ckfinder\/userfiles\/fotos_e_imagens\/Marina_logo.jpg\" alt=\"\" \/><\/div>\n<div style=\"color: #444444;\">\nAl\u00e9m da poss\u00edvel marca de campanha at\u00e9 outubro, a equipe j\u00e1 iniciou as conversas com os internautas eleitores. Entre os coment\u00e1rios, seguidores j\u00e1 come\u00e7aram a questionar Marina sobre temas, considerados pol\u00eamicos, que norteiam a posi\u00e7\u00e3o da presidenci\u00e1vel.<\/p>\n<p>O internauta Vinnicius Siqueira afirmou em seu coment\u00e1rio: &#8220;Desde que n\u00e3o tire ou impe\u00e7a que o p\u00fablico LGBT tenha seus direito, tem meu voto e o voto de todos do mesmo&#8221;. Respondeu o perfil de Marina: &#8220;Marina Silva defende os direitos civis de todas as pessoas em qualquer circunst\u00e2ncia social. Lembramos que Marina considera que as rela\u00e7\u00f5es homoafetivas est\u00e1veis devam ter os mesmos direitos civis das rela\u00e7\u00f5es heteroafetivas. O Supremo Tribunal Federal j\u00e1 deu a essa uni\u00e3o o estatuto de casamento civil. A quest\u00e3o legal sobre o tema est\u00e1, portanto, resolvida no Brasil&#8221;.<\/p><\/div>\n<p><!--more--><\/p>\n<div id=\"cke_pastebin\" style=\"color: #444444;\"><\/div>\n<div id=\"cke_pastebin\" style=\"color: #444444;\">Rodrigo Ara\u00fajo questionou: &#8220;Concordo alguns coment\u00e1rios feito aqui, tem que deixar claro que o Bolsa Fam\u00edlia ser\u00e1 mantido&#8230;. Vai ganhar muitos votos&#8221;. Respondeu a campanha: &#8220;Marina acredita que o Bolsa Fam\u00edlia \u00e9 um projeto que precisa avan\u00e7ar e passar para o que ela chama de programa social de terceira gera\u00e7\u00e3o. O programa de primeira gera\u00e7\u00e3o era o sacol\u00e3o ou a ideia de cesta b\u00e1sica, que n\u00e3o era o melhor caminho. O programa de segunda gera\u00e7\u00e3o foi o Bolsa Fam\u00edlia, de transfer\u00eancia direta de renda com contrapartida simples. A terceira gera\u00e7\u00e3o deve promover a inclus\u00e3o produtiva. Faz-se um investimento pesado em educa\u00e7\u00e3o, para que nossos jovens no ensino m\u00e9dio possam ter profissionaliza\u00e7\u00e3o e serem inclu\u00eddos produtivamente, al\u00e9m de uma cesta de oportunidades para as pessoas que querem ser treinadas para determinadas atividades, como costureira, carpinteiro ou algu\u00e9m que vai trabalhar na constru\u00e7\u00e3o civil&#8221;.<\/div>\n","protected":false},"excerpt":{"rendered":"<p>O perfil oficial no Facebook da candidata \u00e0 presid\u00eancia da Rep\u00fablica pelo PSB, Marina Silva, postou no meio da tarde desta quinta-feira (21) o que poder\u00e1 ser a nova logomarca de sua campanha, que tem como vice o deputado federal Beto Albuquerque (PSB). Sem uma superprodu\u00e7\u00e3o gr\u00e1fica, a marca usa predominantemente o verde ao fundo [&hellip;]<\/p>\n","protected":false},"author":2,"featured_media":0,"comment_status":"open","ping_status":"open","sticky":false,"template":"","format":"standard","meta":{"_links_to":"","_links_to_target":""},"categories":[21,29,1,7],"tags":[],"_links":{"self":[{"href":"https:\/\/www.blogdotarugao.com.br\/v1\/wp-json\/wp\/v2\/posts\/15188"}],"collection":[{"href":"https:\/\/www.blogdotarugao.com.br\/v1\/wp-json\/wp\/v2\/posts"}],"about":[{"href":"https:\/\/www.blogdotarugao.com.br\/v1\/wp-json\/wp\/v2\/types\/post"}],"author":[{"embeddable":true,"href":"https:\/\/www.blogdotarugao.com.br\/v1\/wp-json\/wp\/v2\/users\/2"}],"replies":[{"embeddable":true,"href":"https:\/\/www.blogdotarugao.com.br\/v1\/wp-json\/wp\/v2\/comments?post=15188"}],"version-history":[{"count":1,"href":"https:\/\/www.blogdotarugao.com.br\/v1\/wp-json\/wp\/v2\/posts\/15188\/revisions"}],"predecessor-version":[{"id":15189,"href":"https:\/\/www.blogdotarugao.com.br\/v1\/wp-json\/wp\/v2\/posts\/15188\/revisions\/15189"}],"wp:attachment":[{"href":"https:\/\/www.blogdotarugao.com.br\/v1\/wp-json\/wp\/v2\/media?parent=15188"}],"wp:term":[{"taxonomy":"category","embeddable":true,"href":"https:\/\/www.blogdotarugao.com.br\/v1\/wp-json\/wp\/v2\/categories?post=15188"},{"taxonomy":"post_tag","embeddable":true,"href":"https:\/\/www.blogdotarugao.com.br\/v1\/wp-json\/wp\/v2\/tags?post=15188"}],"curies":[{"name":"wp","href":"https:\/\/api.w.org\/{rel}","templated":true}]}}