{"id":15210,"date":"2014-08-22T00:03:17","date_gmt":"2014-08-22T03:03:17","guid":{"rendered":"http:\/\/www.blogdotarugao.com.br\/v1\/?p=15210"},"modified":"2014-08-22T00:03:17","modified_gmt":"2014-08-22T03:03:17","slug":"sony-vai-processar-tiririca-por-uso-de-musica-de-roberto-carlos","status":"publish","type":"post","link":"https:\/\/www.blogdotarugao.com.br\/v1\/2014\/08\/22\/sony-vai-processar-tiririca-por-uso-de-musica-de-roberto-carlos\/","title":{"rendered":"Sony vai processar Tiririca por uso de m\u00fasica de Roberto Carlos"},"content":{"rendered":"<p><img loading=\"lazy\" src=\"http:\/\/www.cearaagora.com.br\/site\/wp-content\/uploads\/2014\/08\/Tiririca1.jpg\" alt=\"Tiririca1\" width=\"653\" height=\"432\" \/><\/p>\n<p>O candidato a deputado federal Tiririca (PR-SP) ser\u00e1 processado pela Sony\/ATV Music pelo uso n\u00e3o autorizado da m\u00fasica \u201cO port\u00e3o\u201d, de Roberto e Erasmo Carlos, em sua propaganda no hor\u00e1rio eleitoral. Tiririca faz uma par\u00f3dia da m\u00fasica ao cantar: \u201cEu votei, de novo vou votar. Tiririca, Bras\u00edlia \u00e9 o seu lugar.\u201d O v\u00eddeo foi veiculado na ter\u00e7a-feira (19) e na tarde desta quinta (21).<\/p>\n<p>Na quarta, o Youtube retirou o v\u00eddeo do ar ap\u00f3s a reclama\u00e7\u00e3o da Sony\/ATV. A empresa, atrav\u00e9s do advogado, Jos\u00e9 Diamantino, o candidato cometeu uma \u201cafronta\u201d, ao continuar usando a m\u00fasica mesmo depois da notifica\u00e7\u00e3o ao Youtube. A empresa det\u00e9m os direitos sobre as m\u00fasicas de Roberto Carlos.<\/p>\n<p>O advogado do PR, Ricardo Vita Porto, no entanto, afirma que a par\u00f3dia n\u00e3o infringe a lei de direitos autorais. \u201cO candidato n\u00e3o usou a m\u00fasica como jingle ou trilha de seu programa. Toda par\u00f3dia musical altera uma letra dando a ela sentido jocoso, a lei permite isso\u201d, argumenta<\/p>\n","protected":false},"excerpt":{"rendered":"<p>O candidato a deputado federal Tiririca (PR-SP) ser\u00e1 processado pela Sony\/ATV Music pelo uso n\u00e3o autorizado da m\u00fasica \u201cO port\u00e3o\u201d, de Roberto e Erasmo Carlos, em sua propaganda no hor\u00e1rio eleitoral. Tiririca faz uma par\u00f3dia da m\u00fasica ao cantar: \u201cEu votei, de novo vou votar. Tiririca, Bras\u00edlia \u00e9 o seu lugar.\u201d O v\u00eddeo foi veiculado [&hellip;]<\/p>\n","protected":false},"author":2,"featured_media":0,"comment_status":"open","ping_status":"open","sticky":false,"template":"","format":"standard","meta":{"_links_to":"","_links_to_target":""},"categories":[5],"tags":[],"_links":{"self":[{"href":"https:\/\/www.blogdotarugao.com.br\/v1\/wp-json\/wp\/v2\/posts\/15210"}],"collection":[{"href":"https:\/\/www.blogdotarugao.com.br\/v1\/wp-json\/wp\/v2\/posts"}],"about":[{"href":"https:\/\/www.blogdotarugao.com.br\/v1\/wp-json\/wp\/v2\/types\/post"}],"author":[{"embeddable":true,"href":"https:\/\/www.blogdotarugao.com.br\/v1\/wp-json\/wp\/v2\/users\/2"}],"replies":[{"embeddable":true,"href":"https:\/\/www.blogdotarugao.com.br\/v1\/wp-json\/wp\/v2\/comments?post=15210"}],"version-history":[{"count":1,"href":"https:\/\/www.blogdotarugao.com.br\/v1\/wp-json\/wp\/v2\/posts\/15210\/revisions"}],"predecessor-version":[{"id":15211,"href":"https:\/\/www.blogdotarugao.com.br\/v1\/wp-json\/wp\/v2\/posts\/15210\/revisions\/15211"}],"wp:attachment":[{"href":"https:\/\/www.blogdotarugao.com.br\/v1\/wp-json\/wp\/v2\/media?parent=15210"}],"wp:term":[{"taxonomy":"category","embeddable":true,"href":"https:\/\/www.blogdotarugao.com.br\/v1\/wp-json\/wp\/v2\/categories?post=15210"},{"taxonomy":"post_tag","embeddable":true,"href":"https:\/\/www.blogdotarugao.com.br\/v1\/wp-json\/wp\/v2\/tags?post=15210"}],"curies":[{"name":"wp","href":"https:\/\/api.w.org\/{rel}","templated":true}]}}