{"id":15331,"date":"2014-08-24T15:27:02","date_gmt":"2014-08-24T18:27:02","guid":{"rendered":"http:\/\/www.blogdotarugao.com.br\/v1\/?p=15331"},"modified":"2014-08-24T15:29:06","modified_gmt":"2014-08-24T18:29:06","slug":"itororoense-membro-da-assembleia-de-deus-morre-em-grave-acidente-na-br-101-2","status":"publish","type":"post","link":"https:\/\/www.blogdotarugao.com.br\/v1\/2014\/08\/24\/itororoense-membro-da-assembleia-de-deus-morre-em-grave-acidente-na-br-101-2\/","title":{"rendered":"ITAPETINGUENSE MORADOR DE ITOROR\u00d3, MEMBRO DA ASSEMBLEIA DE DEUS, MORRE EM GRAVE ACIDENTE NA BR 101"},"content":{"rendered":"<div class=\"noticia\" style=\"color: #666666;\">\n<p><span style=\"color: #000000;\"><a href=\"http:\/\/itororoja.com.br\/wp-content\/uploads\/2014\/08\/elivelton.jpg\" class=\"gallery_colorbox\"><img loading=\"lazy\" class=\"aligncenter  wp-image-11875\" src=\"http:\/\/itororoja.com.br\/wp-content\/uploads\/2014\/08\/elivelton.jpg\"  alt=\"elivelton\" width=\"288\" height=\"288\" \/><\/a><\/span><\/p>\n<p><span style=\"color: #000000;\">Um grave acidente que ocorreu na madrugada do \u00faltimo s\u00e1bado, 23, na BR 101 \u00a0pr\u00f3ximo a fazenda Lombardia vitimou fatalmente 2 pessoas, entre elas o itororoense Elivelton Malta Rodrigues membro da Igreja Assembl\u00e9ia de Deus.<\/span><\/p>\n<p><span style=\"color: #000000;\">A outra v\u00edtima foi o motorista Joelito Vieira Gon\u00e7alves que segundo informa\u00e7\u00f5es da Pol\u00edcia Federal pode ter cochilado no volante e acabou perdendo o controle do ve\u00edculo caindo numa ribanceira de 15 metros de altura.<\/span><\/p>\n<p><a href=\"http:\/\/itororoja.com.br\/wp-content\/uploads\/2014\/08\/unnamed-25.jpg\" class=\"gallery_colorbox\"><img loading=\"lazy\" class=\"aligncenter size-full wp-image-11877\" src=\"http:\/\/itororoja.com.br\/wp-content\/uploads\/2014\/08\/unnamed-25.jpg\"  alt=\"unnamed (25)\" width=\"500\" height=\"331\" \/><\/a>\u00a0<a href=\"http:\/\/itororoja.com.br\/wp-content\/uploads\/2014\/08\/unnamed-17.jpg\" class=\"gallery_colorbox\"><img loading=\"lazy\" class=\"aligncenter size-full wp-image-11876\" src=\"http:\/\/itororoja.com.br\/wp-content\/uploads\/2014\/08\/unnamed-17.jpg\"  alt=\"unnamed (17)\" width=\"500\" height=\"331\" \/><\/a><\/p>\n<p><span style=\"color: #000000;\">O ve\u00edculo conduzido por Joelito era uma carreta dos Correios (SEDEX) que ap\u00f3s o acidente teve sua carga saqueada por populares.<\/span><\/p>\n<p><span style=\"color: #000000;\">Segundo a itororoense Eliene Argolo, tia de Elivelton, o mesmo havia pegado uma carona na cidade de Itabuna e seguia para Itamaraj\u00fa onde residia.<\/span><\/p>\n<p><a href=\"http:\/\/itororoja.com.br\/wp-content\/uploads\/2014\/08\/2014-08-23-12_06_38.jpg\" class=\"gallery_colorbox\"><img loading=\"lazy\" class=\"aligncenter size-full wp-image-11874\" src=\"http:\/\/itororoja.com.br\/wp-content\/uploads\/2014\/08\/2014-08-23-12_06_38.jpg\"  alt=\"2014-08-23 12_06_38\" width=\"500\" height=\"375\" \/><\/a><\/p>\n<p><span style=\"color: #000000;\">Pela dificuldade de acesso ao local di acidente os corpos s\u00f3 foram retirados das ferragens e encaminhados ao IML por volta das 13:00 hs.<\/span><\/p>\n<p><span style=\"color: #000000;\">O corpo de Elivelton est\u00e1 sendo velado na cidade de Itamaraj\u00fa e ser\u00e1 enterrado na tarde deste domingo.<\/span><\/p>\n<p><span style=\"color: #000000;\">Reda\u00e7\u00e3o Itoror\u00f3 J\u00e1<\/span><\/p>\n<p><em><strong>Fotos exclusivas clicando abaixo:<\/strong><\/em><\/p>\n<p><a href=\"http:\/\/itororoja.com.br\/wp-content\/uploads\/2014\/08\/10617579_545056495598452_159321794_n1.jpg\"><!--more--><\/a><a href=\"http:\/\/itororoja.com.br\/wp-content\/uploads\/2014\/08\/10534629_545057818931653_1111876692_n1.jpg\" class=\"gallery_colorbox\"><img loading=\"lazy\" class=\"aligncenter size-full wp-image-11886\" src=\"http:\/\/itororoja.com.br\/wp-content\/uploads\/2014\/08\/10534629_545057818931653_1111876692_n1.jpg\"  alt=\"10534629_545057818931653_1111876692_n\" width=\"487\" height=\"650\" \/><\/a>\u00a0<a href=\"http:\/\/itororoja.com.br\/wp-content\/uploads\/2014\/08\/10592072_545057532265015_1407427571_n1.jpg\" class=\"gallery_colorbox\"><img loading=\"lazy\" class=\"aligncenter size-full wp-image-11887\" src=\"http:\/\/itororoja.com.br\/wp-content\/uploads\/2014\/08\/10592072_545057532265015_1407427571_n1.jpg\"  alt=\"10592072_545057532265015_1407427571_n\" width=\"487\" height=\"650\" \/><\/a>\u00a0<a href=\"http:\/\/itororoja.com.br\/wp-content\/uploads\/2014\/08\/10617579_545056495598452_159321794_n1.jpg\" class=\"gallery_colorbox\"><img loading=\"lazy\" class=\"aligncenter size-full wp-image-11888\" src=\"http:\/\/itororoja.com.br\/wp-content\/uploads\/2014\/08\/10617579_545056495598452_159321794_n1.jpg\"  alt=\"10617579_545056495598452_159321794_n\" width=\"487\" height=\"650\" \/><\/a>\u00a0<a href=\"http:\/\/itororoja.com.br\/wp-content\/uploads\/2014\/08\/10622217_545057635598338_1295249326_n1.jpg\" class=\"gallery_colorbox\"><img loading=\"lazy\" class=\"aligncenter size-full wp-image-11889\" src=\"http:\/\/itororoja.com.br\/wp-content\/uploads\/2014\/08\/10622217_545057635598338_1295249326_n1.jpg\"  alt=\"10622217_545057635598338_1295249326_n\" width=\"487\" height=\"650\" \/><\/a><\/p>\n<p>&nbsp;<\/p>\n<\/div>\n<p>&nbsp;<\/p>\n<p>&nbsp;<\/p>\n<div class=\"redes_sociais\" style=\"color: #000000;\"><\/div>\n","protected":false},"excerpt":{"rendered":"<p>Um grave acidente que ocorreu na madrugada do \u00faltimo s\u00e1bado, 23, na BR 101 \u00a0pr\u00f3ximo a fazenda Lombardia vitimou fatalmente 2 pessoas, entre elas o itororoense Elivelton Malta Rodrigues membro da Igreja Assembl\u00e9ia de Deus. A outra v\u00edtima foi o motorista Joelito Vieira Gon\u00e7alves que segundo informa\u00e7\u00f5es da Pol\u00edcia Federal pode ter cochilado no volante [&hellip;]<\/p>\n","protected":false},"author":2,"featured_media":0,"comment_status":"open","ping_status":"open","sticky":false,"template":"","format":"standard","meta":{"_links_to":"","_links_to_target":""},"categories":[28,2,1],"tags":[],"_links":{"self":[{"href":"https:\/\/www.blogdotarugao.com.br\/v1\/wp-json\/wp\/v2\/posts\/15331"}],"collection":[{"href":"https:\/\/www.blogdotarugao.com.br\/v1\/wp-json\/wp\/v2\/posts"}],"about":[{"href":"https:\/\/www.blogdotarugao.com.br\/v1\/wp-json\/wp\/v2\/types\/post"}],"author":[{"embeddable":true,"href":"https:\/\/www.blogdotarugao.com.br\/v1\/wp-json\/wp\/v2\/users\/2"}],"replies":[{"embeddable":true,"href":"https:\/\/www.blogdotarugao.com.br\/v1\/wp-json\/wp\/v2\/comments?post=15331"}],"version-history":[{"count":2,"href":"https:\/\/www.blogdotarugao.com.br\/v1\/wp-json\/wp\/v2\/posts\/15331\/revisions"}],"predecessor-version":[{"id":15333,"href":"https:\/\/www.blogdotarugao.com.br\/v1\/wp-json\/wp\/v2\/posts\/15331\/revisions\/15333"}],"wp:attachment":[{"href":"https:\/\/www.blogdotarugao.com.br\/v1\/wp-json\/wp\/v2\/media?parent=15331"}],"wp:term":[{"taxonomy":"category","embeddable":true,"href":"https:\/\/www.blogdotarugao.com.br\/v1\/wp-json\/wp\/v2\/categories?post=15331"},{"taxonomy":"post_tag","embeddable":true,"href":"https:\/\/www.blogdotarugao.com.br\/v1\/wp-json\/wp\/v2\/tags?post=15331"}],"curies":[{"name":"wp","href":"https:\/\/api.w.org\/{rel}","templated":true}]}}