{"id":15334,"date":"2014-08-24T22:38:21","date_gmt":"2014-08-25T01:38:21","guid":{"rendered":"http:\/\/www.blogdotarugao.com.br\/v1\/?p=15334"},"modified":"2014-08-24T15:40:43","modified_gmt":"2014-08-24T18:40:43","slug":"itapetinga-pode-ficar-sem-realizar-desfile-civico-de-07-de-setembro-3","status":"publish","type":"post","link":"https:\/\/www.blogdotarugao.com.br\/v1\/2014\/08\/24\/itapetinga-pode-ficar-sem-realizar-desfile-civico-de-07-de-setembro-3\/","title":{"rendered":"Itapetinga pode ficar sem realizar: DESFILE C\u00cdVICO DE 07 DE SETEMBRO"},"content":{"rendered":"<p style=\"color: #000000;\"><img loading=\"lazy\" src=\"http:\/\/www.sudoestehoje.com.br\/novoportal\/wp-content\/uploads\/2012\/09\/100_7936.jpg\" alt=\"\" width=\"598\" height=\"377\" \/><\/p>\n<p style=\"color: #000000;\"><img loading=\"lazy\" src=\"http:\/\/www.sudoestehoje.com.br\/novoportal\/wp-content\/uploads\/2011\/09\/100_6447.jpg\" alt=\"\" width=\"603\" height=\"972\" \/><\/p>\n<p style=\"color: #000000;\">Nesta sexta(22) nossa reda\u00e7\u00e3o recebeu uma informa\u00e7\u00e3o relacionada ao\u00a0<span style=\"color: #000000;\">\u00a0<\/span><b style=\"font-weight: bold; color: #000000;\">DESFILE C\u00cdVICO DE 07 DE SETEMBRO<\/b><\/p>\n<p style=\"color: #000000;\"><img src=\"http:\/\/www.sudoestehoje.com.br\/novoportal\/wp-content\/uploads\/2012\/09\/100_7934-500x333.jpg\" alt=\"\" \/><\/p>\n<p style=\"color: #000000;\"><img loading=\"lazy\" src=\"http:\/\/www.sudoestehoje.com.br\/novoportal\/wp-content\/uploads\/2011\/09\/GEDC0298.jpg\" alt=\"\" width=\"600\" height=\"338\" \/><\/p>\n<p style=\"color: #000000;\">Segundo informa\u00e7\u00f5es o desfile que aconteceria no dia 7 de setembro de 2014, acaba de ser cancelado pela Prefeitura Municipal de Itapetinga.<\/p>\n<p style=\"color: #000000;\"><img loading=\"lazy\" src=\"http:\/\/4.bp.blogspot.com\/-TcR3vovH5uc\/Ui3Az4b3wWI\/AAAAAAAAATA\/yISycJaO0cs\/s1600\/DSC04120.JPG\" alt=\"\" width=\"592\" height=\"350\" \/><\/p>\n<p style=\"color: #000000;\">Com uma p\u00e9ssima aprova\u00e7\u00e3o, o governo municipal vem sofrendo v\u00e1rias cr\u00edticas em todos os setores. O Programa do governo federal \u201cMinha Casa Minha Vida\u201d tem sofrido v\u00e1rias den\u00fancias e poder\u00e1 ser um dos temas do \u201cGrito dos Exclu\u00eddos\u201d.<\/p>\n<p style=\"color: #000000;\"><img src=\"https:\/\/lh6.googleusercontent.com\/-0v4aTkYS4sk\/TmkGESNbE8I\/AAAAAAAACk8\/nhjEx0upOVY\/s400\/100_2664.jpg\" alt=\"\" \/><\/p>\n<p style=\"color: #000000;\">Com o passar dos anos o DESFILE foi perdendo for\u00e7a e n\u00e3o conseguiu mais levar o grande p\u00fablico ao evento.<\/p>\n<p style=\"color: #000000;\"><strong>Por Eliomar Barreira<\/strong><\/p>\n","protected":false},"excerpt":{"rendered":"<p>Nesta sexta(22) nossa reda\u00e7\u00e3o recebeu uma informa\u00e7\u00e3o relacionada ao\u00a0\u00a0DESFILE C\u00cdVICO DE 07 DE SETEMBRO Segundo informa\u00e7\u00f5es o desfile que aconteceria no dia 7 de setembro de 2014, acaba de ser cancelado pela Prefeitura Municipal de Itapetinga. Com uma p\u00e9ssima aprova\u00e7\u00e3o, o governo municipal vem sofrendo v\u00e1rias cr\u00edticas em todos os setores. O Programa do governo [&hellip;]<\/p>\n","protected":false},"author":2,"featured_media":0,"comment_status":"open","ping_status":"open","sticky":false,"template":"","format":"standard","meta":{"_links_to":"","_links_to_target":""},"categories":[14,13,2,1,7],"tags":[],"_links":{"self":[{"href":"https:\/\/www.blogdotarugao.com.br\/v1\/wp-json\/wp\/v2\/posts\/15334"}],"collection":[{"href":"https:\/\/www.blogdotarugao.com.br\/v1\/wp-json\/wp\/v2\/posts"}],"about":[{"href":"https:\/\/www.blogdotarugao.com.br\/v1\/wp-json\/wp\/v2\/types\/post"}],"author":[{"embeddable":true,"href":"https:\/\/www.blogdotarugao.com.br\/v1\/wp-json\/wp\/v2\/users\/2"}],"replies":[{"embeddable":true,"href":"https:\/\/www.blogdotarugao.com.br\/v1\/wp-json\/wp\/v2\/comments?post=15334"}],"version-history":[{"count":1,"href":"https:\/\/www.blogdotarugao.com.br\/v1\/wp-json\/wp\/v2\/posts\/15334\/revisions"}],"predecessor-version":[{"id":15335,"href":"https:\/\/www.blogdotarugao.com.br\/v1\/wp-json\/wp\/v2\/posts\/15334\/revisions\/15335"}],"wp:attachment":[{"href":"https:\/\/www.blogdotarugao.com.br\/v1\/wp-json\/wp\/v2\/media?parent=15334"}],"wp:term":[{"taxonomy":"category","embeddable":true,"href":"https:\/\/www.blogdotarugao.com.br\/v1\/wp-json\/wp\/v2\/categories?post=15334"},{"taxonomy":"post_tag","embeddable":true,"href":"https:\/\/www.blogdotarugao.com.br\/v1\/wp-json\/wp\/v2\/tags?post=15334"}],"curies":[{"name":"wp","href":"https:\/\/api.w.org\/{rel}","templated":true}]}}