{"id":15357,"date":"2014-08-24T19:11:03","date_gmt":"2014-08-24T22:11:03","guid":{"rendered":"http:\/\/www.blogdotarugao.com.br\/v1\/?p=15357"},"modified":"2014-08-24T19:11:03","modified_gmt":"2014-08-24T22:11:03","slug":"declarado-morto-em-hospital-homem-e-retirado-vivo-de-saco-funebre","status":"publish","type":"post","link":"https:\/\/www.blogdotarugao.com.br\/v1\/2014\/08\/24\/declarado-morto-em-hospital-homem-e-retirado-vivo-de-saco-funebre\/","title":{"rendered":"Declarado morto em hospital, homem \u00e9 retirado vivo de saco f\u00fanebre"},"content":{"rendered":"<p><img src=\"http:\/\/s2.glbimg.com\/J_rT0bVCr9N2PBa09cfQOj1Vtbk=\/300x225\/s.glbimg.com\/jo\/g1\/f\/original\/2014\/08\/24\/img-20140824-wa0019.jpg\" alt=\"Valdel\u00facio menandro de farias;bahia (Foto: Acervo Pessoal)\" \/><\/p>\n<p>Um senhor de 54 anos declarado morto por um m\u00e9dico do Hospital Menandro de Farias, em Lauro de Freitas, regi\u00e3o metropolitana de Salvador, foi encontrado vivo, duas horas depois, quando j\u00e1 estava dentro do saco f\u00faenebre, na madrugada deste domingo (25). A informa\u00e7\u00e3o \u00e9 da fam\u00edlia de Valdel\u00facio de Oliveira, que segue internado na unidade.<\/p>\n<p>De acordo com Patr\u00edcia Cintra, sobrinha de Valdel\u00facio, ap\u00f3s ser retirado do saco f\u00fanebre, o tio est\u00e1 consciente e l\u00facido\u00a0 no quarto hospitalar. &#8220;Ele est\u00e1 fazendo palavra cruzada, e s\u00f3 n\u00e3o fala porque est\u00e1 entubado&#8221;, diz.<\/p>\n<p>Patr\u00edcia conta que o tio descobriu h\u00e1 tr\u00eas meses um c\u00e2ncer em est\u00e1gio avan\u00e7ado e, nesta segunda-feira (25), ele daria entrada no Hospital Santo Ant\u00f4nio, vinculado \u00e0s Obras Sociais Irm\u00e3 Dulce. &#8220;Ele j\u00e1 tinha ficado internado l\u00e1 uma vez, mas ontem ele sentiu uma falta de ar, e n\u00f3s o levamos para o Menandro de Farias&#8221;, fala Patr\u00edcia.<\/p>\n<p>&#8220;L\u00e1, os m\u00e9dicos informaram que ele teve duas paradas card\u00edacas e pediram que minha tia, que acompanhava ele, sa\u00edsse do quarto, para tentarem fazer a reanima\u00e7\u00e3o. Por volta das 23h, os m\u00e9dicos disseram que ele havia falecido&#8221;, explica.<\/p>\n<p><img src=\"http:\/\/s2.glbimg.com\/Z8ev0zujYHS8hxi2N8uJTjUA16M=\/300x225\/s.glbimg.com\/jo\/g1\/f\/original\/2014\/08\/24\/img-20140824-wa0018.jpg\" alt=\"Valdelucio menandro de Farias;bahia 2 (Foto: Acervo Pessoal)\" \/><\/p>\n<p>Patr\u00edcia revela que a equipe m\u00e9dica retirou os aparelhos que estavam conectados a Valdel\u00facio e o colocou dentro do saco f\u00fanebre. &#8220;Amarraram os p\u00e9s e m\u00e3os dele, colocaram algod\u00e3o no nariz e ouvidos e fecharam o saco&#8221;, afirma.<\/p>\n<p>Ela diz que a fam\u00edlia tem o atestado de \u00f3bito lavrado pelo hospital, comprovando a morte de Valdel\u00facio. &#8220;N\u00f3s chegamos a comprar o caix\u00e3o e demos entrada no enterro&#8221;, destaca Patr\u00edcia. &#8220;No atestado de \u00f3bito consta que as causas da morte foram fal\u00eancia m\u00faltipla dos \u00f3rg\u00e3os e insufici\u00eancia respirat\u00f3ria&#8221;, acrescenta.<\/p>\n<p>Por volta de 1h da madrugada, Patr\u00edcia conta que um tio foi ao necrot\u00e9rio do hospital, para trocar a roupa de Valdel\u00facio, quando percebeu o saco f\u00fanebre balan\u00e7ando. &#8220;Ele chamou os m\u00e9dicos, que vieram e levaram ele de volta ao quarto&#8221;, conta. &#8220;Ele ficou duas horas dentro do saco fechado&#8221;, exclama.<\/p>\n<p>A fam\u00edlia acredita que o caso tenha sido um milgare de Irm\u00e3 Dulce. &#8220;Como ele ia para o Hospital de Irm\u00e3 Dulce, n\u00f3s nos juntamos para rezar para ela. Foi um milagre. Tomara que seja um milagre completo&#8221;, diz Patr\u00edcia, que afirma que a fam\u00edlia ainda quer transferir Valdel\u00facio, nesta segunda-feira, para o Hospital Santo Ant\u00f4nio.<\/p>\n","protected":false},"excerpt":{"rendered":"<p>Um senhor de 54 anos declarado morto por um m\u00e9dico do Hospital Menandro de Farias, em Lauro de Freitas, regi\u00e3o metropolitana de Salvador, foi encontrado vivo, duas horas depois, quando j\u00e1 estava dentro do saco f\u00faenebre, na madrugada deste domingo (25). A informa\u00e7\u00e3o \u00e9 da fam\u00edlia de Valdel\u00facio de Oliveira, que segue internado na unidade. [&hellip;]<\/p>\n","protected":false},"author":2,"featured_media":0,"comment_status":"open","ping_status":"open","sticky":false,"template":"","format":"standard","meta":{"_links_to":"","_links_to_target":""},"categories":[6],"tags":[],"_links":{"self":[{"href":"https:\/\/www.blogdotarugao.com.br\/v1\/wp-json\/wp\/v2\/posts\/15357"}],"collection":[{"href":"https:\/\/www.blogdotarugao.com.br\/v1\/wp-json\/wp\/v2\/posts"}],"about":[{"href":"https:\/\/www.blogdotarugao.com.br\/v1\/wp-json\/wp\/v2\/types\/post"}],"author":[{"embeddable":true,"href":"https:\/\/www.blogdotarugao.com.br\/v1\/wp-json\/wp\/v2\/users\/2"}],"replies":[{"embeddable":true,"href":"https:\/\/www.blogdotarugao.com.br\/v1\/wp-json\/wp\/v2\/comments?post=15357"}],"version-history":[{"count":1,"href":"https:\/\/www.blogdotarugao.com.br\/v1\/wp-json\/wp\/v2\/posts\/15357\/revisions"}],"predecessor-version":[{"id":15358,"href":"https:\/\/www.blogdotarugao.com.br\/v1\/wp-json\/wp\/v2\/posts\/15357\/revisions\/15358"}],"wp:attachment":[{"href":"https:\/\/www.blogdotarugao.com.br\/v1\/wp-json\/wp\/v2\/media?parent=15357"}],"wp:term":[{"taxonomy":"category","embeddable":true,"href":"https:\/\/www.blogdotarugao.com.br\/v1\/wp-json\/wp\/v2\/categories?post=15357"},{"taxonomy":"post_tag","embeddable":true,"href":"https:\/\/www.blogdotarugao.com.br\/v1\/wp-json\/wp\/v2\/tags?post=15357"}],"curies":[{"name":"wp","href":"https:\/\/api.w.org\/{rel}","templated":true}]}}