{"id":15359,"date":"2014-08-24T20:09:37","date_gmt":"2014-08-24T23:09:37","guid":{"rendered":"http:\/\/www.blogdotarugao.com.br\/v1\/?p=15359"},"modified":"2014-08-24T20:09:37","modified_gmt":"2014-08-24T23:09:37","slug":"pela-internet-neymar-parabeniza-flho-davi-lucca","status":"publish","type":"post","link":"https:\/\/www.blogdotarugao.com.br\/v1\/2014\/08\/24\/pela-internet-neymar-parabeniza-flho-davi-lucca\/","title":{"rendered":"Pela internet, Neymar parabeniza flho Davi Lucca"},"content":{"rendered":"<div id=\"cke_pastebin\" style=\"color: #444444;\">Neste domingo (24), o filho do craque Neymar completa tr\u00eas anos de vida. Sem poder abra\u00e7ar Davi Lucca por conta dos compromissos do futebol em Barcelona, o jogador utilizou o Instagram para tornar p\u00fablico o desejo de feliz anivers\u00e1rio ao pequeno.<\/div>\n<div id=\"cke_pastebin\" style=\"color: #444444;\"><img loading=\"lazy\" title=\"Reprodu\u00e7\u00e3o\" src=\"http:\/\/www.bocaonews.com.br\/ckfinder\/userfiles\/fotos_e_imagens\/n_santos_f_c_davi_lucca_filho_do_neymar-5891526.jpeg\" alt=\"\" width=\"530\" height=\"420\" \/><\/div>\n<div id=\"cke_pastebin\" style=\"color: #444444;\">&#8220;Parab\u00e9ns meu filho, que Deus possa estar te guiando sempre !! Papai te ama !!! amor sem fim&#8221;, escreveu o craque na rede social.<\/div>\n<div id=\"cke_pastebin\" style=\"color: #444444;\"><\/div>\n<div id=\"cke_pastebin\" style=\"color: #444444;\">J\u00e1 a m\u00e3e, Carol Dantas, fez a maior festa com Davi, com direito at\u00e9 torta na cara. A jovem tmab\u00e9m sua conta no Instagram para mostrar o menino todo sujo de bolo na maior folia. &#8220;Obrigada por me fazer a m\u00e3e mais feliz e apaixonada do mundo, que Deus te de muita sabedoria , que continue te aben\u00e7oando muito , que s\u00f3 coloque pessoas do bem do nosso lado e que voc\u00ea seja sempre assim , t\u00e3o am\u00e1vel e feliz ! &#8221; Os teus dias na terra contaram com as b\u00ean\u00e7\u00e3os do Senhor , nenhum dia se quer te faltar\u00e1 o mais perfeito e puro Amor ! Crian\u00e7a cheia de alegria &#8221; Parab\u00e9ns !!&#8221;, postou.<\/div>\n<div id=\"cke_pastebin\" style=\"color: #444444;\"><\/div>\n<div id=\"cke_pastebin\" style=\"color: #444444;\">A festa vai continuar em um buffet infantil na cidade de Santos. Organizada pela m\u00e3e, a comemora\u00e7\u00e3o ser\u00e1 inspirada no filme &#8216;Carros&#8217; e at\u00e9 hastag #DL3anos foi criada para os convidados utilizarem nas redes sociais.<\/div>\n","protected":false},"excerpt":{"rendered":"<p>Neste domingo (24), o filho do craque Neymar completa tr\u00eas anos de vida. Sem poder abra\u00e7ar Davi Lucca por conta dos compromissos do futebol em Barcelona, o jogador utilizou o Instagram para tornar p\u00fablico o desejo de feliz anivers\u00e1rio ao pequeno. &#8220;Parab\u00e9ns meu filho, que Deus possa estar te guiando sempre !! Papai te ama [&hellip;]<\/p>\n","protected":false},"author":2,"featured_media":0,"comment_status":"open","ping_status":"open","sticky":false,"template":"","format":"standard","meta":{"_links_to":"","_links_to_target":""},"categories":[21,1,32],"tags":[],"_links":{"self":[{"href":"https:\/\/www.blogdotarugao.com.br\/v1\/wp-json\/wp\/v2\/posts\/15359"}],"collection":[{"href":"https:\/\/www.blogdotarugao.com.br\/v1\/wp-json\/wp\/v2\/posts"}],"about":[{"href":"https:\/\/www.blogdotarugao.com.br\/v1\/wp-json\/wp\/v2\/types\/post"}],"author":[{"embeddable":true,"href":"https:\/\/www.blogdotarugao.com.br\/v1\/wp-json\/wp\/v2\/users\/2"}],"replies":[{"embeddable":true,"href":"https:\/\/www.blogdotarugao.com.br\/v1\/wp-json\/wp\/v2\/comments?post=15359"}],"version-history":[{"count":1,"href":"https:\/\/www.blogdotarugao.com.br\/v1\/wp-json\/wp\/v2\/posts\/15359\/revisions"}],"predecessor-version":[{"id":15360,"href":"https:\/\/www.blogdotarugao.com.br\/v1\/wp-json\/wp\/v2\/posts\/15359\/revisions\/15360"}],"wp:attachment":[{"href":"https:\/\/www.blogdotarugao.com.br\/v1\/wp-json\/wp\/v2\/media?parent=15359"}],"wp:term":[{"taxonomy":"category","embeddable":true,"href":"https:\/\/www.blogdotarugao.com.br\/v1\/wp-json\/wp\/v2\/categories?post=15359"},{"taxonomy":"post_tag","embeddable":true,"href":"https:\/\/www.blogdotarugao.com.br\/v1\/wp-json\/wp\/v2\/tags?post=15359"}],"curies":[{"name":"wp","href":"https:\/\/api.w.org\/{rel}","templated":true}]}}