{"id":15363,"date":"2014-08-24T20:17:24","date_gmt":"2014-08-24T23:17:24","guid":{"rendered":"http:\/\/www.blogdotarugao.com.br\/v1\/?p=15363"},"modified":"2014-08-24T20:17:50","modified_gmt":"2014-08-24T23:17:50","slug":"15363","status":"publish","type":"post","link":"https:\/\/www.blogdotarugao.com.br\/v1\/2014\/08\/24\/15363\/","title":{"rendered":"Avi\u00e3o usado por Eduardo Campos pode impugnar a candidatura de Marina Silva pelo PSB"},"content":{"rendered":"<div style=\"color: #eeeeee;\">\n<div class=\"separator\"><a style=\"color: #eeeeee;\" href=\"https:\/\/images-blogger-opensocial.googleusercontent.com\/gadgets\/proxy?url=http%3A%2F%2Fcdn.vozdabahia.com.br%2Flistas%2Fposts%2F127718.jpg%3F1408887012&amp;container=blogger&amp;gadget=a&amp;rewriteMime=image%2F*\"><img loading=\"lazy\" src=\"http:\/\/cdn.vozdabahia.com.br\/listas\/posts\/127718.jpg?1408887012\" alt=\"\" width=\"320\" height=\"232\" border=\"0\" \/><\/a><\/div>\n<\/div>\n<p>Documentos revelam que o jatinho usado na campanha por Eduardo Campos e Marina Silva pertencia oficialmente ao grupo paulista AF Andrade.<\/p>\n<p>No papel, a AF Andrade, de usinas de a\u00e7\u00facar, era dona do Cessna Citation, prefixo PR-AFA, quando o jato caiu em Santos, na semana passada, embora tenha dito que o vendeu a um usineiro pernambucano.<\/p>\n<p>Comparando-se o que diz a papelada e o que dizem os envolvidos, chega-se \u00e0 conclus\u00e3o de que Eduardo e Marina faziam campanha num avi\u00e3o fantasma. Ningu\u00e9m admite ser dono do Cessna, ningu\u00e9m admite ter bancado as despesas com o jatinho, e ningu\u00e9m declarou qualquer informa\u00e7\u00e3o sobre o uso do avi\u00e3o \u00e0 Justi\u00e7a Eleitoral.<\/p>\n<p>Para a PF, que investiga o caso, esse conjunto de evid\u00eancias aponta, at\u00e9 agora, para fraude \u00e0 Justi\u00e7a Eleitoral e crimes financeiros e tribut\u00e1rios na opera\u00e7\u00e3o de aluguel, ou venda do avi\u00e3o. Os pap\u00e9is est\u00e3o com a PF e a Ag\u00eancia Nacional de Avia\u00e7\u00e3o Civil, a Anac. Os dois \u00f3rg\u00e3os investigam quem s\u00e3o os respons\u00e1veis pelo desastre, a Aeron\u00e1utica investiga as causas dele. A identifica\u00e7\u00e3o dos donos do avi\u00e3o \u00e9 imprescind\u00edvel para que as fam\u00edlias das v\u00edtimas possam entrar com pedidos de indeniza\u00e7\u00e3o na Justi\u00e7a. Os respons\u00e1veis responder\u00e3o tamb\u00e9m a processos movidos pelo Minist\u00e9rio P\u00fablico.<!--more--><\/p>\n<p>O comit\u00ea presidencial do PSB tamb\u00e9m pode ser acionado. No limite, a candidatura de Marina poderia ser impugnada por fraude eleitoral. Esse enorme passivo jur\u00eddico est\u00e1 por tr\u00e1s, ao menos em parte, da resist\u00eancia dos envolvidos em fornecer informa\u00e7\u00f5es \u00e0 imprensa e aos investigadores.<\/p>\n","protected":false},"excerpt":{"rendered":"<p>Documentos revelam que o jatinho usado na campanha por Eduardo Campos e Marina Silva pertencia oficialmente ao grupo paulista AF Andrade. No papel, a AF Andrade, de usinas de a\u00e7\u00facar, era dona do Cessna Citation, prefixo PR-AFA, quando o jato caiu em Santos, na semana passada, embora tenha dito que o vendeu a um usineiro [&hellip;]<\/p>\n","protected":false},"author":2,"featured_media":0,"comment_status":"open","ping_status":"open","sticky":false,"template":"","format":"standard","meta":{"_links_to":"","_links_to_target":""},"categories":[14,21,29,1,7],"tags":[],"_links":{"self":[{"href":"https:\/\/www.blogdotarugao.com.br\/v1\/wp-json\/wp\/v2\/posts\/15363"}],"collection":[{"href":"https:\/\/www.blogdotarugao.com.br\/v1\/wp-json\/wp\/v2\/posts"}],"about":[{"href":"https:\/\/www.blogdotarugao.com.br\/v1\/wp-json\/wp\/v2\/types\/post"}],"author":[{"embeddable":true,"href":"https:\/\/www.blogdotarugao.com.br\/v1\/wp-json\/wp\/v2\/users\/2"}],"replies":[{"embeddable":true,"href":"https:\/\/www.blogdotarugao.com.br\/v1\/wp-json\/wp\/v2\/comments?post=15363"}],"version-history":[{"count":2,"href":"https:\/\/www.blogdotarugao.com.br\/v1\/wp-json\/wp\/v2\/posts\/15363\/revisions"}],"predecessor-version":[{"id":15365,"href":"https:\/\/www.blogdotarugao.com.br\/v1\/wp-json\/wp\/v2\/posts\/15363\/revisions\/15365"}],"wp:attachment":[{"href":"https:\/\/www.blogdotarugao.com.br\/v1\/wp-json\/wp\/v2\/media?parent=15363"}],"wp:term":[{"taxonomy":"category","embeddable":true,"href":"https:\/\/www.blogdotarugao.com.br\/v1\/wp-json\/wp\/v2\/categories?post=15363"},{"taxonomy":"post_tag","embeddable":true,"href":"https:\/\/www.blogdotarugao.com.br\/v1\/wp-json\/wp\/v2\/tags?post=15363"}],"curies":[{"name":"wp","href":"https:\/\/api.w.org\/{rel}","templated":true}]}}