{"id":15417,"date":"2014-08-26T08:30:52","date_gmt":"2014-08-26T11:30:52","guid":{"rendered":"http:\/\/www.blogdotarugao.com.br\/v1\/?p=15417"},"modified":"2014-08-26T08:30:52","modified_gmt":"2014-08-26T11:30:52","slug":"bandeirantes-afasta-datena-por-dois-dias","status":"publish","type":"post","link":"https:\/\/www.blogdotarugao.com.br\/v1\/2014\/08\/26\/bandeirantes-afasta-datena-por-dois-dias\/","title":{"rendered":"Bandeirantes afasta Datena por dois dias"},"content":{"rendered":"<div class=\"imagem-representativa imagem-615x470\">\n<ul style=\"font-weight: inherit; font-style: inherit;\">\n<li style=\"font-weight: inherit; font-style: inherit;\"><img loading=\"lazy\" class=\"imagem\" style=\"font-weight: inherit; font-style: inherit;\" title=\"Flavio Florido\/UOL\" src=\"http:\/\/imguol.com\/c\/esporte\/2014\/05\/23\/datena-sera-narrador-do-bandsports-e-da-band-na-copa-do-mundo-1400862239000_615x470.jpg\" alt=\"Jos\u00e9 Luiz Datena\" width=\"541\" height=\"353\" \/>\n<p style=\"font-weight: bold; font-style: inherit;\">Jos\u00e9 Luiz Datena<\/p>\n<\/li>\n<\/ul>\n<\/div>\n<p>A dire\u00e7\u00e3o da Bandeirantes, usando de todo o cuidado que o caso merece, est\u00e1 procurando administrar da melhor maneira poss\u00edvel o incidente que envolveu Jos\u00e9 Luiz Datena e Milton Neves neste \u00faltimo domingo (24), vazado durante o programa &#8220;Domingo Esportivo Bandeirantes&#8221;, da r\u00e1dio Bandeirantes.<\/p>\n<p>Milton, em uma conversa com o Neto, ao se referir ao Capit\u00e3o Hidalgo, antigo jogador e comentarista esportivo, disse na oportunidade que o Datena viveu um tempo em Curitiba, desempregado, morando na casa dele e filando boia l\u00e1. Datena, que por acaso passava perto do Morumbi, resolveu entrar na r\u00e1dio e tirar satisfa\u00e7\u00f5es com o Milton.<\/p>\n<p>O resto do acontecimento \u00e9 conhecido por todos.\u00a0A dire\u00e7\u00e3o da Bandeirantes n\u00e3o pretende se manifestar publicamente sobre o assunto, entendendo que tudo deve ser resolvido entre quatro paredes.\u00a0Datena apresentou normalmente o seu programa da manh\u00e3 desta segunda-feira na Bradesco FM, que por um desses acasos entra logo depois do Milton Neves, mas n\u00e3o far\u00e1 o &#8220;Brasil Urgente&#8221;, na TV, logo mais.<\/p>\n<p>Sobre todo este assunto, Datena entende que \u00e9 hora de colocar uma pedra em cima. &#8220;A Bandeirantes \u00e9 a minha casa e acato com o maior respeito e carinho qualquer decis\u00e3o da dire\u00e7\u00e3o. Afinal, quando tomei a decis\u00e3o de voltar para l\u00e1, j\u00e1 tinha optado pelo lugar onde pretende encerrar a minha carreira. Para mim, o assunto est\u00e1 encerrado. N\u00e3o guardo m\u00e1goas do Milton e nem de qualquer outro companheiro da Band&#8221;, afirmou o apresentador.<\/p>\n<p>O rep\u00f3rter Lucas Martins foi designado para substitu\u00ed-lo nesta segunda e na pr\u00f3xima ter\u00e7a.<\/p>\n<p><em style=\"font-weight: inherit; font-style: italic;\">* Colabora\u00e7\u00e3o de Jos\u00e9 Carlos Nery<\/em><\/p>\n<p><strong style=\"font-weight: bold; font-style: inherit;\">Ou\u00e7a a discuss\u00e3o:<\/strong><\/p>\n<p><iframe loading=\"lazy\" style=\"font-weight: inherit; font-style: inherit;\" src=\"http:\/\/www.youtube.com\/embed\/lfVwgKpiB5s\" width=\"600\" height=\"315\" frameborder=\"0\" allowfullscreen=\"allowfullscreen\"><\/iframe><\/p>\n<p>&nbsp;<\/p>\n","protected":false},"excerpt":{"rendered":"<p>Jos\u00e9 Luiz Datena A dire\u00e7\u00e3o da Bandeirantes, usando de todo o cuidado que o caso merece, est\u00e1 procurando administrar da melhor maneira poss\u00edvel o incidente que envolveu Jos\u00e9 Luiz Datena e Milton Neves neste \u00faltimo domingo (24), vazado durante o programa &#8220;Domingo Esportivo Bandeirantes&#8221;, da r\u00e1dio Bandeirantes. Milton, em uma conversa com o Neto, ao [&hellip;]<\/p>\n","protected":false},"author":2,"featured_media":0,"comment_status":"open","ping_status":"open","sticky":false,"template":"","format":"standard","meta":{"_links_to":"","_links_to_target":""},"categories":[14,21,1,34],"tags":[],"_links":{"self":[{"href":"https:\/\/www.blogdotarugao.com.br\/v1\/wp-json\/wp\/v2\/posts\/15417"}],"collection":[{"href":"https:\/\/www.blogdotarugao.com.br\/v1\/wp-json\/wp\/v2\/posts"}],"about":[{"href":"https:\/\/www.blogdotarugao.com.br\/v1\/wp-json\/wp\/v2\/types\/post"}],"author":[{"embeddable":true,"href":"https:\/\/www.blogdotarugao.com.br\/v1\/wp-json\/wp\/v2\/users\/2"}],"replies":[{"embeddable":true,"href":"https:\/\/www.blogdotarugao.com.br\/v1\/wp-json\/wp\/v2\/comments?post=15417"}],"version-history":[{"count":1,"href":"https:\/\/www.blogdotarugao.com.br\/v1\/wp-json\/wp\/v2\/posts\/15417\/revisions"}],"predecessor-version":[{"id":15418,"href":"https:\/\/www.blogdotarugao.com.br\/v1\/wp-json\/wp\/v2\/posts\/15417\/revisions\/15418"}],"wp:attachment":[{"href":"https:\/\/www.blogdotarugao.com.br\/v1\/wp-json\/wp\/v2\/media?parent=15417"}],"wp:term":[{"taxonomy":"category","embeddable":true,"href":"https:\/\/www.blogdotarugao.com.br\/v1\/wp-json\/wp\/v2\/categories?post=15417"},{"taxonomy":"post_tag","embeddable":true,"href":"https:\/\/www.blogdotarugao.com.br\/v1\/wp-json\/wp\/v2\/tags?post=15417"}],"curies":[{"name":"wp","href":"https:\/\/api.w.org\/{rel}","templated":true}]}}