{"id":15421,"date":"2014-08-26T08:54:06","date_gmt":"2014-08-26T11:54:06","guid":{"rendered":"http:\/\/www.blogdotarugao.com.br\/v1\/?p=15421"},"modified":"2014-08-26T08:54:06","modified_gmt":"2014-08-26T11:54:06","slug":"familia-de-homem-achado-vivo-em-necroterio-isenta-hospital-de-erro-e-cre-em-milagre","status":"publish","type":"post","link":"https:\/\/www.blogdotarugao.com.br\/v1\/2014\/08\/26\/familia-de-homem-achado-vivo-em-necroterio-isenta-hospital-de-erro-e-cre-em-milagre\/","title":{"rendered":"Fam\u00edlia de homem achado vivo em necrot\u00e9rio isenta hospital de erro e cr\u00ea em milagre"},"content":{"rendered":"<div>\n<p class=\"bodytext\">Valdel\u00facio j\u00e1 estava de funeral marcado quando seu irm\u00e3o desconfiou que ele ainda respirava. A fam\u00edlia e o paciente creem em milagre de Irm\u00e3 Dulce<\/p>\n<p class=\"bodytext\">Em duas horas, uma\u00a0<span style=\"font-weight: bold;\"><a class=\"internal-link\" style=\"color: #0085b2;\" href=\"http:\/\/www.correio24horas.com.br\/detalhe\/noticia\/dado-como-morto-homem-de-54-anos-e-encontrado-vivo-em-necroterio-de-hospital\/?cHash=fe96b96af7cec20d0386ee42281c3d8a\">fam\u00edlia saiu da dor de perder um ente querido para a alegria de uma \u201cressurrei\u00e7\u00e3o\u201d<\/a><\/span>. Eram 23h07 do \u00faltimo s\u00e1bado quando a m\u00e9dica Carolina Magalh\u00e3es, que estava de plant\u00e3o no Hospital Geral Menandro de Farias, em Lauro de Freitas, constatou a morte de Valdel\u00facio de Oliveira, 54 anos. Duas horas mais tarde, ele estava enrolado em um len\u00e7ol na sala de necrot\u00e9rio, por\u00e9m, vivo.<\/p>\n<table class=\"middle\" summary=\"\">\n<thead>\n<tr>\n<th scope=\"col\">\n<p class=\"bodytext\"><img loading=\"lazy\" src=\"http:\/\/w1.c24hsttc.net\/uploads\/RTEmagicC_b432e5ec64.jpg.jpg\" alt=\"\" width=\"601\" height=\"800\" \/><\/p>\n<\/th>\n<\/tr>\n<\/thead>\n<tbody>\n<tr>\n<td>\n<p class=\"bodytext\"><span style=\"font-weight: bold;\">Valdel\u00facio de Oliveira, 54 anos, foi dado como morto ap\u00f3s batalha com c\u00e2ncer<\/span><br \/>\n(Foto: Acervo Pessoal)<\/p>\n<\/td>\n<\/tr>\n<\/tbody>\n<\/table>\n<p class=\"bodytext\">At\u00e9 a ressurrei\u00e7\u00e3o, foram mais de 12 horas no hospital, com o quadro piorando desde a chegada, no final da manh\u00e3. A situa\u00e7\u00e3o complicou quando ele teve duas paradas cardiorrespirat\u00f3rias. Os m\u00e9dicos tentaram reanim\u00e1-lo, mas nenhum dos procedimentos deu certo. Os seis meses de luta contra um c\u00e2ncer avan\u00e7ado na laringe pareciam acabar ali.<\/p>\n<p class=\"bodytext\"><span style=\"font-weight: bold;\">Not\u00edcia<\/span><\/p>\n<p class=\"bodytext\">A tia de Valdel\u00facio \u00c1urea Gon\u00e7alves, que mora com ele, foi avisada da morte e deu a m\u00e1 not\u00edcia aos demais familiares que esperavam por informa\u00e7\u00f5es do parente. Diante disso, com o atestado de \u00f3bito em m\u00e3os, os parentes foram cuidar dos procedimentos para realizar o funeral no dia seguinte.<\/p>\n<table class=\"middle\" summary=\"\">\n<thead>\n<tr>\n<th scope=\"col\">\n<p class=\"bodytext\"><img loading=\"lazy\" src=\"http:\/\/w2.c24hsttc.net\/uploads\/RTEmagicC_valdelucio_x3.jpg.jpg\" alt=\"\" width=\"620\" height=\"473\" \/><\/p>\n<\/th>\n<\/tr>\n<\/thead>\n<tbody>\n<tr>\n<td>\n<p class=\"bodytext\"><span style=\"font-weight: bold;\">Recibo da funer\u00e1ria: R$ 1,9 mil gastos com caix\u00e3o ser\u00e3o doados \u00e0 Osid<\/span><br \/>\n(Foto: Almiro Lopes)<\/p>\n<\/td>\n<\/tr>\n<\/tbody>\n<\/table>\n<p class=\"bodytext\">\n<p class=\"bodytext\">Depois de ir \u00e0 funer\u00e1ria acertar os detalhes do enterro e fazer o pagamento pelo caix\u00e3o, o irm\u00e3o de Valdel\u00facio, o engenheiro agrimensor Walt\u00e9rio de Oliveira, voltou ao hospital. Era um momento de muita dor e ele lembra que ainda estava incr\u00e9dulo com a morte do irm\u00e3o. A pedido da tia, foi ao necrot\u00e9rio do Menandro de Farias deixar a \u00faltima roupa que o irm\u00e3o vestiria. Foi quando aconteceu o inesperado.<\/p>\n<p class=\"bodytext\">Antes de se aproximar, Walt\u00e9rio olhou para o corpo do Valdel\u00facio j\u00e1 enrolado com um len\u00e7ol, quando viu que algo se mexia. \u201cFiquei olhando e j\u00e1 percebi elevando a caixa tor\u00e1xica. A\u00ed eu pensei: \u2018eu j\u00e1 devo estar tendo uma alucina\u00e7\u00e3o\u2019. A\u00ed, parei novamente e vi que ele estava respirando. Falei com a minha esposa, que tamb\u00e9m duvidou\u201d, conta Walt\u00e9rio. Mas n\u00e3o era alucina\u00e7\u00e3o.<\/p>\n<blockquote>\n<p class=\"bodytext\" style=\"font-weight: bold; font-style: italic; color: #545454;\"><span style=\"font-weight: bold;\">Fiquei olhando e percebi elevando a caixa tor\u00e1xica. A\u00ed pensei: \u2018Eu devo estar tendo uma alucina\u00e7\u00e3o\u2019\u00a0<\/span><br \/>\nWalt\u00e9rio, sobre susto ao ver irm\u00e3o respirar no necrot\u00e9rio<\/p>\n<\/blockquote>\n<p class=\"bodytext\">Valdel\u00facio estava vivo, depois de mais de duas horas enrolado no len\u00e7ol, com algod\u00f5es no nariz, ouvidos e tamb\u00e9m na traqueia, a qual havia sida perfurada para possibilitar a respira\u00e7\u00e3o. \u201cA m\u00e9dica que tinha dado atestado de \u00f3bito constatou que ele tinha voltado. Ela e toda a equipe m\u00e9dica levaram \u00a0ele para a sala de reanima\u00e7\u00e3o e come\u00e7aram todo o procedimento novamente\u201d, relata. Enquanto Valdel\u00facio era retirado do hospital, Walt\u00e9rio corria pelos corredores para contar ao resto da fam\u00edlia, que ainda sofria com a dor da perda.<\/p>\n<p class=\"bodytext\"><span style=\"font-weight: bold;\">Outro lado<\/span><\/p>\n<p class=\"bodytext\">Enquanto a fam\u00edlia sofria por sua morte, Valdel\u00facio conhecia o \u201coutro lado\u201d. Depois do susto, a tia, \u00c1urea, contou a ele o que tinha acontecido. E, ent\u00e3o, novas surpresas: se comunicando por bilhetes em um caderninho, Valdel\u00facio contou o que teria visto enquanto \u201cdormia\u201d no necrot\u00e9rio.<\/p>\n<p class=\"bodytext\">No caderno, conta que viu a m\u00e3e e outros parentes j\u00e1 mortos. Mas a m\u00e3e teria lhe dado um recado especial: se apegar \u00e0 f\u00e9 em Irm\u00e3 Dulce. \u201cEu vi minha m\u00e3e dizendo: \u2018filho, se apegue a ela e ser\u00e1 salvo\u2019\u201d, escreveu no caderninho.<\/p>\n<table class=\"middle\" summary=\"\">\n<thead>\n<tr>\n<th scope=\"col\">\n<p class=\"bodytext\"><img loading=\"lazy\" src=\"http:\/\/w3.c24hsttc.net\/uploads\/RTEmagicC_valdelucio_x2.jpg.jpg\" alt=\"\" width=\"620\" height=\"771\" \/><\/p>\n<\/th>\n<\/tr>\n<\/thead>\n<tbody>\n<tr>\n<td>\n<p class=\"bodytext\"><span style=\"font-weight: bold;\">Walt\u00e9rio mostra certid\u00e3o de \u00f3bito emitida para o seu irm\u00e3o, Valdel\u00facio<\/span><\/p>\n<\/td>\n<\/tr>\n<\/tbody>\n<\/table>\n<p class=\"bodytext\">A rela\u00e7\u00e3o dele com a Bem-Aventurada come\u00e7ou logo quando foi diagnosticado com c\u00e2ncer, h\u00e1 seis meses. Valdel\u00facio chegou a fazer tratamento no Hospital Santo Ant\u00f4nio, das Obras Sociais Irm\u00e3 Dulce, durante quatro meses. Nos \u00faltimos tempos, o quadro dele tinha piorado muito e ele se alimentava apenas por sonda e respirava por traqueostomia.<\/p>\n<p class=\"bodytext\">A tia, que o acompanha, comprou uma imagem da beata no in\u00edcio do tratamento. \u201cEu sentei com ele na igreja, assisti a toda a missa. Comprei uma imagem \u00a0e \u00a0botei no quarto dele. E sempre perguntava se ele tinha rezado para ela\u201d, conta.<\/p>\n<p class=\"bodytext\">Depois da \u2018ressurei\u00e7\u00e3o\u2019, ele foi transferido na manh\u00e3 de ontem para o Hospital Santo Ant\u00f4nio, onde permanece internado. Segundo a assessoria da unidade, Valdel\u00facio est\u00e1 na enfermaria e somente nos pr\u00f3ximos dias deve ser transferido para a UTI.<\/p>\n<p class=\"bodytext\"><span style=\"font-weight: bold;\">Milagre \u00a0<\/span><\/p>\n<p class=\"bodytext\">Para os parentes, n\u00e3o existe a possibilidade de erro m\u00e9dico &#8211; \u00a0eles creem na hip\u00f3tese de milagre. O representante comercial Eduardo Valadares, primo de Valdel\u00facio, ainda parece n\u00e3o acreditar em tudo que viu acontecer em poucas horas. \u201cFui fazer a declara\u00e7\u00e3o de \u00f3bito, eles terminando de tirar tudo, vi que ele estava morto, com o t\u00f3rax para dentro. Vi colocando algod\u00e3o, len\u00e7ol, acompanhei tudo, amarrando ele e depois ter essa surpresa\u201d, comenta.<\/p>\n<p class=\"bodytext\">\n<div class=\"news-related\">\n<h3 class=\"component-title news-related-title\" style=\"font-weight: bold; color: inherit;\">LEIA TAMB\u00c9M<\/h3>\n<ul>\n<li class=\"news-related-item\" style=\"color: #d80019;\"><a class=\"news-related-link\" style=\"font-weight: bold; color: #444444;\" href=\"http:\/\/www.correio24horas.com.br\/detalhe\/noticia\/vi-a-morte-aos-meus-pes-diz-paciente-achado-vivo-em-saco-de-necroterio\/?cHash=7c1bf43c03ed7119090e9159c68a351d\">&#8220;Vi a morte aos meus p\u00e9s&#8221;, diz paciente achado vivo em saco de necrot\u00e9rio<\/a><\/li>\n<li class=\"news-related-item\" style=\"color: #d80019;\"><a class=\"news-related-link\" style=\"font-weight: bold; color: #444444;\" href=\"http:\/\/www.correio24horas.com.br\/detalhe\/noticia\/paciente-achado-vivo-em-saco-de-necroterio-e-transferido-para-salvador\/?cHash=c9381e83a905a10b2f7f5cad3446a9b7\">Paciente achado vivo em saco de necrot\u00e9rio \u00e9 transferido para outro hospital<\/a><\/li>\n<li class=\"news-related-item\" style=\"color: #d80019;\"><a class=\"news-related-link\" style=\"font-weight: bold; color: #444444;\" href=\"http:\/\/www.correio24horas.com.br\/detalhe\/noticia\/hospital-abre-sindicancia-para-apurar-morte-de-paciente-encontrado-vivo-em-necroterio\/?cHash=e6042886fb1b7f5a60ad817a5a2a0d96\">Hospital abre sindic\u00e2ncia para apurar caso de paciente achado vivo em saco de necrot\u00e9rio<\/a><\/li>\n<li class=\"news-related-item\" style=\"color: #d80019;\"><a class=\"news-related-link\" style=\"font-weight: bold; color: #444444;\" href=\"http:\/\/www.correio24horas.com.br\/detalhe\/noticia\/dado-como-morto-homem-de-54-anos-e-encontrado-vivo-em-necroterio-de-hospital\/?cHash=fe96b96af7cec20d0386ee42281c3d8a\">Dado como morto, homem de 54 anos \u00e9 encontrado vivo em necrot\u00e9rio de hospital<\/a><\/li>\n<\/ul>\n<\/div>\n<p>&nbsp;<\/p>\n<p class=\"bodytext\">Para Walt\u00e9rio, foi algo que vai al\u00e9m da nossa possibilidade de compreens\u00e3o. \u201cAcredito que tenha algo sobrenatural, em fun\u00e7\u00e3o da situa\u00e7\u00e3o que ele estava. Imagine colocar uma pessoa normal numa situa\u00e7\u00e3o daquela por 1 hora e meia. Agora, ele, que j\u00e1 tinha dificuldade de respirar e estava com algod\u00e3o na traqueia, conseguiu ficar ali por duas horas. Ele podia morrer ali mesmo\u201d, aponta.<\/p>\n<\/div>\n<div>\n<p class=\"bodytext\">Valdel\u00facio \u00e9 de Itabuna, mas mora h\u00e1 20 anos em Salvador. Com a not\u00edcia da morte, muitos familiares vieram \u00e0 capital para acompanhar o que seria o enterro, mas tudo acabou como uma grande festa na frente do hospital.<\/p>\n<p class=\"bodytext\"><span style=\"font-weight: bold;\">Fam\u00edlia diz que n\u00e3o houve neglig\u00eancia; Cremeb e Sesab ir\u00e3o investigar<\/span><\/p>\n<p class=\"bodytext\">A fam\u00edlia de Valdel\u00facio garante que a equipe m\u00e9dica do Hospital Menandro de Farias, onde foi apontado o \u00f3bito, n\u00e3o foi negligente. \u00a0Segundo os familiares, o que houve foi um grande susto dos m\u00e9dicos com o ocorrido.<\/p>\n<p class=\"bodytext\">\u201cA m\u00e9dica ficou apavorada. Ela n\u00e3o entendeu como podia ter acontecido uma coisa dessas. Virou-se para mim e disse \u2018voc\u00ea deve ter muita f\u00e9 em Deus, porque isso \u00e9 um milagre\u2019. Mas os m\u00e9dicos fizeram tudo que podiam para reanim\u00e1-lo e n\u00e3o conseguiram\u201d, conta \u00c1urea Gon\u00e7alves, tia do paciente.<\/p>\n<table class=\"middle\" summary=\"\">\n<thead>\n<tr>\n<th scope=\"col\">\n<p class=\"bodytext\"><img loading=\"lazy\" src=\"http:\/\/w1.c24hsttc.net\/uploads\/RTEmagicC_valdelucio_x1.jpg.jpg\" alt=\"\" width=\"620\" height=\"413\" \/><\/p>\n<\/th>\n<\/tr>\n<\/thead>\n<tbody>\n<tr>\n<td>\n<p class=\"bodytext\"><span style=\"font-weight: bold;\">\u00c1urea Gon\u00e7alves, que sempre pediu ao sobrinho para confiar sua recupera\u00e7\u00e3o a Irm\u00e3 Dulce, ontem na Osid, agradecendo o que chama de milagre<\/span><br \/>\n(Foto: Almiro Lopes)<\/p>\n<\/td>\n<\/tr>\n<\/tbody>\n<\/table>\n<p class=\"bodytext\">Apesar disso, o Conselho Regional de Medicina da Bahia (Cremeb) vai apurar o caso. \u201cVamos ter que nos dirigir ao diretor do hospital, pedir o prontu\u00e1rio e falar com a m\u00e9dica para analisar tudo isso e ver se cabe realmente abrir uma sindic\u00e2ncia, que \u00e9 um inqu\u00e9rito inicial para ver se h\u00e1 ind\u00edcio de irregularidade\u201d, explica o conselheiro corregedor do Cremeb, Marco Antonio Almeida.<\/p>\n<blockquote>\n<p class=\"bodytext\" style=\"font-weight: bold; font-style: italic; color: #545454;\"><span style=\"font-weight: bold;\">Em fun\u00e7\u00e3o da situa\u00e7\u00e3o que ele estava, acredito que tenha algo sobrenatural\u00a0<\/span><br \/>\nWalt\u00e9rio, irm\u00e3o, que tamb\u00e9m cr\u00ea em milagre<\/p>\n<\/blockquote>\n<p class=\"bodytext\">A c\u00e2mara de sindic\u00e2ncia \u00e9 quem vai decidir se vai ser aberto um processo contra a m\u00e9dica ou se a sindic\u00e2ncia vai ser arquivada. \u201cN\u00f3s temos obriga\u00e7\u00e3o, em nome da sociedade, de zelar pela boa pr\u00e1tica m\u00e9dica\u201d, afirma o representante do conselho. Almeida ainda tenta entender o que aconteceu nos procedimentos.<\/p>\n<p class=\"bodytext\">\u201cO que pode ter ocorrido, e n\u00e3o estou querendo fazer ju\u00edzo de valor, a priori, \u00e9 que talvez n\u00e3o tenha sido feito a pesquisa, se \u00e9 que ocorreu, correta dos sinais de morte, que \u00e9 o que n\u00f3s chamamos de comprova\u00e7\u00e3o ou constata\u00e7\u00e3o do \u00f3bito, que tem que ser feito pelo m\u00e9dico\u201d, explica o corregedor.<\/p>\n<table class=\"middle\" summary=\"\">\n<thead>\n<tr>\n<th scope=\"col\">\n<p class=\"bodytext\"><img loading=\"lazy\" src=\"http:\/\/w2.c24hsttc.net\/uploads\/RTEmagicC_valdelucio_x4.jpg.jpg\" alt=\"\" width=\"620\" height=\"564\" \/><\/p>\n<\/th>\n<\/tr>\n<\/thead>\n<\/table>\n<p class=\"bodytext\">Mas Almeida tamb\u00e9m considera que a profissional pode ter feito os procedimentos corretamente. \u201cPode ser que ela (a m\u00e9dica) tenha feito todas as manobras e achou que n\u00e3o havia mais vida naquele corpo e tenha decidido encaminhar para necropsia, que foi o que eu vi pela imprensa\u201d, relata. Depois da repercuss\u00e3o do caso na imprensa, a Secretaria Estadual da Sa\u00fade (Sesab) informou, por meio de nota, que uma sindic\u00e2ncia ser\u00e1 aberta para investigar o caso.<\/p>\n<p class=\"bodytext\">Al\u00e9m disso, a diretora geral do HGMF, Margarida Miranda, iria se reunir com toda a equipe que atendeu o paciente e tamb\u00e9m com a diretoria da Sesab para esclarecer todo o procedimento pelo qual passou o paciente em quest\u00e3o. De acordo com a assessoria da secretaria, ningu\u00e9m pode comentar o caso porque a investiga\u00e7\u00e3o \u00e9 sigilosa.<\/p>\n<\/div>\n","protected":false},"excerpt":{"rendered":"<p>Valdel\u00facio j\u00e1 estava de funeral marcado quando seu irm\u00e3o desconfiou que ele ainda respirava. A fam\u00edlia e o paciente creem em milagre de Irm\u00e3 Dulce Em duas horas, uma\u00a0fam\u00edlia saiu da dor de perder um ente querido para a alegria de uma \u201cressurrei\u00e7\u00e3o\u201d. Eram 23h07 do \u00faltimo s\u00e1bado quando a m\u00e9dica Carolina Magalh\u00e3es, que estava [&hellip;]<\/p>\n","protected":false},"author":2,"featured_media":0,"comment_status":"open","ping_status":"open","sticky":false,"template":"","format":"standard","meta":{"_links_to":"","_links_to_target":""},"categories":[14,1,12],"tags":[],"_links":{"self":[{"href":"https:\/\/www.blogdotarugao.com.br\/v1\/wp-json\/wp\/v2\/posts\/15421"}],"collection":[{"href":"https:\/\/www.blogdotarugao.com.br\/v1\/wp-json\/wp\/v2\/posts"}],"about":[{"href":"https:\/\/www.blogdotarugao.com.br\/v1\/wp-json\/wp\/v2\/types\/post"}],"author":[{"embeddable":true,"href":"https:\/\/www.blogdotarugao.com.br\/v1\/wp-json\/wp\/v2\/users\/2"}],"replies":[{"embeddable":true,"href":"https:\/\/www.blogdotarugao.com.br\/v1\/wp-json\/wp\/v2\/comments?post=15421"}],"version-history":[{"count":2,"href":"https:\/\/www.blogdotarugao.com.br\/v1\/wp-json\/wp\/v2\/posts\/15421\/revisions"}],"predecessor-version":[{"id":15424,"href":"https:\/\/www.blogdotarugao.com.br\/v1\/wp-json\/wp\/v2\/posts\/15421\/revisions\/15424"}],"wp:attachment":[{"href":"https:\/\/www.blogdotarugao.com.br\/v1\/wp-json\/wp\/v2\/media?parent=15421"}],"wp:term":[{"taxonomy":"category","embeddable":true,"href":"https:\/\/www.blogdotarugao.com.br\/v1\/wp-json\/wp\/v2\/categories?post=15421"},{"taxonomy":"post_tag","embeddable":true,"href":"https:\/\/www.blogdotarugao.com.br\/v1\/wp-json\/wp\/v2\/tags?post=15421"}],"curies":[{"name":"wp","href":"https:\/\/api.w.org\/{rel}","templated":true}]}}