{"id":15433,"date":"2014-08-26T14:18:13","date_gmt":"2014-08-26T17:18:13","guid":{"rendered":"http:\/\/www.blogdotarugao.com.br\/v1\/?p=15433"},"modified":"2014-08-26T14:19:09","modified_gmt":"2014-08-26T17:19:09","slug":"comicio-de-paulo-souto-sera-neste-sabado-30-em-itapetinga","status":"publish","type":"post","link":"https:\/\/www.blogdotarugao.com.br\/v1\/2014\/08\/26\/comicio-de-paulo-souto-sera-neste-sabado-30-em-itapetinga\/","title":{"rendered":"Com\u00edcio de Paulo Souto ser\u00e1 neste s\u00e1bado (30), em Itapetinga"},"content":{"rendered":"<p><a style=\"color: #1b73bb;\" href=\"http:\/\/www.blogdodigadiga.com.br\/v1\/wp-content\/uploads\/2014\/08\/PauloSouto-Geddel-Joaci.jpg\" class=\"gallery_colorbox\" data-slb-group=\"17010\" data-slb-active=\"1\" data-slb-internal=\"0\"><img loading=\"lazy\" class=\"size-full wp-image-16562\" src=\"http:\/\/www.blogdodigadiga.com.br\/v1\/wp-content\/uploads\/2014\/08\/PauloSouto-Geddel-Joaci.jpg\"  alt=\"Paulo Souto, Geddel e Joaci G\u00f3es\" width=\"400\" height=\"267\" \/><\/a><\/p>\n<p style=\"color: #171512;\">Os candidatos da Chapa Majorit\u00e1ria da Coliga\u00e7\u00e3o \u201cUnidos por uma Bahia melhor\u201d, formada por Paulo Souto (governador), Joaci G\u00f3es (vice) e Geddel Vieira Lima (senador), estar\u00e3o em Itapetinga no pr\u00f3ximo s\u00e1bado (30).<\/p>\n<p style=\"color: #171512;\">Segundo a agenda divulgada pelos coordenadores da campanha, os candidatos desembarcar\u00e3o pela manh\u00e3 no aeroporto de Itapetinga e seguir\u00e3o em carreata at\u00e9 as vizinhas cidades de Caatiba (10 \u00e0s 10h40), Itamb\u00e9 (11h30 \u00e0s 12h20), Macarani (13h30 \u00e0s 14h30), Maiquinique (15h10 \u00e0s 15h40, Itarantim: 16h \u00e0s 16h30, Potiragu\u00e1: 17h \u00e0s 17h30, Itoror\u00f3: 18h30 \u00e0s 19h30. Em Itapetinga, por volta das 20h, est\u00e1 prevista a realiza\u00e7\u00e3o de uma grande carreata e um com\u00edcio regional.<\/p>\n<p style=\"color: #171512;\"><strong>Fonte: Blog do Diga Diga<\/strong><\/p>\n","protected":false},"excerpt":{"rendered":"<p>Os candidatos da Chapa Majorit\u00e1ria da Coliga\u00e7\u00e3o \u201cUnidos por uma Bahia melhor\u201d, formada por Paulo Souto (governador), Joaci G\u00f3es (vice) e Geddel Vieira Lima (senador), estar\u00e3o em Itapetinga no pr\u00f3ximo s\u00e1bado (30). Segundo a agenda divulgada pelos coordenadores da campanha, os candidatos desembarcar\u00e3o pela manh\u00e3 no aeroporto de Itapetinga e seguir\u00e3o em carreata at\u00e9 as [&hellip;]<\/p>\n","protected":false},"author":2,"featured_media":0,"comment_status":"open","ping_status":"open","sticky":false,"template":"","format":"standard","meta":{"_links_to":"","_links_to_target":""},"categories":[6,29,2,1,7,3],"tags":[],"_links":{"self":[{"href":"https:\/\/www.blogdotarugao.com.br\/v1\/wp-json\/wp\/v2\/posts\/15433"}],"collection":[{"href":"https:\/\/www.blogdotarugao.com.br\/v1\/wp-json\/wp\/v2\/posts"}],"about":[{"href":"https:\/\/www.blogdotarugao.com.br\/v1\/wp-json\/wp\/v2\/types\/post"}],"author":[{"embeddable":true,"href":"https:\/\/www.blogdotarugao.com.br\/v1\/wp-json\/wp\/v2\/users\/2"}],"replies":[{"embeddable":true,"href":"https:\/\/www.blogdotarugao.com.br\/v1\/wp-json\/wp\/v2\/comments?post=15433"}],"version-history":[{"count":2,"href":"https:\/\/www.blogdotarugao.com.br\/v1\/wp-json\/wp\/v2\/posts\/15433\/revisions"}],"predecessor-version":[{"id":15435,"href":"https:\/\/www.blogdotarugao.com.br\/v1\/wp-json\/wp\/v2\/posts\/15433\/revisions\/15435"}],"wp:attachment":[{"href":"https:\/\/www.blogdotarugao.com.br\/v1\/wp-json\/wp\/v2\/media?parent=15433"}],"wp:term":[{"taxonomy":"category","embeddable":true,"href":"https:\/\/www.blogdotarugao.com.br\/v1\/wp-json\/wp\/v2\/categories?post=15433"},{"taxonomy":"post_tag","embeddable":true,"href":"https:\/\/www.blogdotarugao.com.br\/v1\/wp-json\/wp\/v2\/tags?post=15433"}],"curies":[{"name":"wp","href":"https:\/\/api.w.org\/{rel}","templated":true}]}}