{"id":15450,"date":"2014-08-27T08:16:49","date_gmt":"2014-08-27T11:16:49","guid":{"rendered":"http:\/\/www.blogdotarugao.com.br\/v1\/?p=15450"},"modified":"2014-08-27T08:16:49","modified_gmt":"2014-08-27T11:16:49","slug":"itapetinga-secretaria-municipal-de-educacao-manda-nota-de-esclarecimento","status":"publish","type":"post","link":"https:\/\/www.blogdotarugao.com.br\/v1\/2014\/08\/27\/itapetinga-secretaria-municipal-de-educacao-manda-nota-de-esclarecimento\/","title":{"rendered":"ITAPETINGA: SECRETARIA MUNICIPAL DE EDUCA\u00c7\u00c3O MANDA NOTA DE ESCLARECIMENTO"},"content":{"rendered":"<p><a class=\"cboxElement\" style=\"color: #2b76b1;\" href=\"http:\/\/tribunadeitapetinga.com.br\/media\/2014\/08\/DSC09599.jpg\" class=\"gallery_colorbox\"><img loading=\"lazy\" class=\"alignleft size-medium wp-image-8045 colorbox-8108\" src=\"http:\/\/tribunadeitapetinga.com.br\/media\/2014\/08\/DSC09599-400x300.jpg\"  alt=\"DSC09599\" width=\"400\" height=\"300\" \/><\/a>Em reuni\u00e3o com toda equipe da administra\u00e7\u00e3o p\u00fablica e tendo escutado moradores da comunidade itapetinguense, a Secretaria Municipal de Educa\u00e7\u00e3o \u2013 SMEC, respons\u00e1vel pela organiza\u00e7\u00e3o da Semana da P\u00e1tria que \u00e9 um importante evento em nosso pa\u00eds, viu necessidade de reorganizar o Desfile C\u00edvico.<br \/>\nComo \u00e9 sabido por todos, a rede municipal de ensino este ano passou por uma situa\u00e7\u00e3o at\u00edpica, com 17 dias sem aulas devido a paralisa\u00e7\u00f5es e greve, e \u00e9 preciso repor estes dias, pois a LDB 9394\/96 determina o m\u00ednimo de 200 dias letivos. Na reorganiza\u00e7\u00e3o do calend\u00e1rio escolar, que foi elaborado de forma conjunta, pela Secretaria Municipal de Educa\u00e7\u00e3o e Cultura, APLB Sindicato e validado pelo Conselho Municipal de Educa\u00e7\u00e3o, alguns dias que s\u00e3o feriados, foram substitu\u00eddos passando a ser dia letivo e ser efetivada a reposi\u00e7\u00e3o das aulas, a exemplo do dia do professor onde teremos aula normalmente, como tamb\u00e9m o dia posterior ao Sete de Setembro, j\u00e1 que como de praxe seria folga na rede municipal de ensino.<span id=\"more-8108\"><\/span><br \/>\nPosteriormente em encontro no dia 22\/08 com as institui\u00e7\u00f5es municipais que participam da Comemora\u00e7\u00e3o C\u00edvica informamos que, em alus\u00e3o a Semana da P\u00e1tria, realizaremos nos bairros os desfiles com as escolas da rede de ensino e diversas institui\u00e7\u00f5es. Importante ressaltar que os representantes, no momento da reuni\u00e3o, foram favor\u00e1veis e demonstraram apoio ao que foi proposto pela Secretaria Municipal de Educa\u00e7\u00e3o e Cultura, inclusive algumas j\u00e1 confirmaram a participa\u00e7\u00e3o. Vale ressaltar que \u00e9 de grande import\u00e2ncia a participa\u00e7\u00e3o de todos para fortalecer a nossa consci\u00eancia c\u00edvica, como tamb\u00e9m expressarmos o nosso sentimento de valoriza\u00e7\u00e3o da nossa p\u00e1tria. Assim, de modo especial externamos o nosso desejo de ver as institui\u00e7\u00f5es de cunho social participarem deste momento de grande signific\u00e2ncia para todos os mun\u00edcipes de Itapetinga porque estaremos oportunizando a todos o exerc\u00edcio do direito da participa\u00e7\u00e3o.<br \/>\n\u00c9 importante registrar que o desfile c\u00edvico nos bairros \u00e9 uma forma de valorizar a comunidade e temos percebido que ano ap\u00f3s ano \u00e9 um movimento que tem alcan\u00e7ado a participa\u00e7\u00e3o e apoio da popula\u00e7\u00e3o local, ao ponto de moradores de outros bairros cobrarem a realiza\u00e7\u00e3o do desfile tamb\u00e9m nos bairros adjacentes.<br \/>\nDesta forma as comemora\u00e7\u00f5es da Semana da P\u00e1tria em nosso munic\u00edpio ser\u00e3o realizadas este ano da seguinte forma:<\/p>\n<p>\u00b7 Dia 03\/09 desfile C\u00edvico no Bairro Nova Itapetinga; (9h)<br \/>\n\u00b7 Dia 04\/09 desfile C\u00edvico no Bairro Vila Isabel; (9h)<br \/>\n\u00b7 Dia 05\/09 desfile C\u00edvico no Bairro Primavera; (9h)<br \/>\n\u00b7 Dia 07\/09 momento c\u00edvico no pa\u00e7o municipal com hasteamento das Bandeiras e execu\u00e7\u00e3o do Hino Nacional. (7:30h)<\/p>\n<p>Entendemos que mudar rotinas \u00e9 quebrar paradigmas, \u00e9 romper regras estabelecidas e reformular nossas a\u00e7\u00f5es. Por isso necessitamos da compreens\u00e3o e participa\u00e7\u00e3o de todos os moradores do munic\u00edpio diante da necessidade de tal reorganiza\u00e7\u00e3o. No caso desta mudan\u00e7a, o mais absoluto respeito \u00e0 t\u00e3o importante momento hist\u00f3rico do nosso pa\u00eds ser\u00e1 mantido e estaremos valorizando as comunidades nos bairros, as nossas escolas e consequentemente possibilitando o exerc\u00edcio da cidadania de todos em externar o seu patriotismo. A Semana da P\u00e1tria serve justamente para lembrar uma data que simboliza a autonomia conquistada e a determina\u00e7\u00e3o do brasileiro, caracter\u00edstica inerente dessa popula\u00e7\u00e3o onde faremos as honras militares ao pa\u00eds na Pra\u00e7a Dairy Valley, inclusive com a participa\u00e7\u00e3o de institui\u00e7\u00f5es que assim externar o seu desejo.<\/p>\n<p>Secretaria Municipal de Educa\u00e7\u00e3o<br \/>\nSecret\u00e1ria Sibele Nery<\/p>\n","protected":false},"excerpt":{"rendered":"<p>Em reuni\u00e3o com toda equipe da administra\u00e7\u00e3o p\u00fablica e tendo escutado moradores da comunidade itapetinguense, a Secretaria Municipal de Educa\u00e7\u00e3o \u2013 SMEC, respons\u00e1vel pela organiza\u00e7\u00e3o da Semana da P\u00e1tria que \u00e9 um importante evento em nosso pa\u00eds, viu necessidade de reorganizar o Desfile C\u00edvico. Como \u00e9 sabido por todos, a rede municipal de ensino este [&hellip;]<\/p>\n","protected":false},"author":2,"featured_media":0,"comment_status":"open","ping_status":"open","sticky":false,"template":"","format":"standard","meta":{"_links_to":"","_links_to_target":""},"categories":[13,2,1],"tags":[],"_links":{"self":[{"href":"https:\/\/www.blogdotarugao.com.br\/v1\/wp-json\/wp\/v2\/posts\/15450"}],"collection":[{"href":"https:\/\/www.blogdotarugao.com.br\/v1\/wp-json\/wp\/v2\/posts"}],"about":[{"href":"https:\/\/www.blogdotarugao.com.br\/v1\/wp-json\/wp\/v2\/types\/post"}],"author":[{"embeddable":true,"href":"https:\/\/www.blogdotarugao.com.br\/v1\/wp-json\/wp\/v2\/users\/2"}],"replies":[{"embeddable":true,"href":"https:\/\/www.blogdotarugao.com.br\/v1\/wp-json\/wp\/v2\/comments?post=15450"}],"version-history":[{"count":1,"href":"https:\/\/www.blogdotarugao.com.br\/v1\/wp-json\/wp\/v2\/posts\/15450\/revisions"}],"predecessor-version":[{"id":15451,"href":"https:\/\/www.blogdotarugao.com.br\/v1\/wp-json\/wp\/v2\/posts\/15450\/revisions\/15451"}],"wp:attachment":[{"href":"https:\/\/www.blogdotarugao.com.br\/v1\/wp-json\/wp\/v2\/media?parent=15450"}],"wp:term":[{"taxonomy":"category","embeddable":true,"href":"https:\/\/www.blogdotarugao.com.br\/v1\/wp-json\/wp\/v2\/categories?post=15450"},{"taxonomy":"post_tag","embeddable":true,"href":"https:\/\/www.blogdotarugao.com.br\/v1\/wp-json\/wp\/v2\/tags?post=15450"}],"curies":[{"name":"wp","href":"https:\/\/api.w.org\/{rel}","templated":true}]}}