{"id":15474,"date":"2014-08-27T18:28:26","date_gmt":"2014-08-27T21:28:26","guid":{"rendered":"http:\/\/www.blogdotarugao.com.br\/v1\/?p=15474"},"modified":"2014-08-27T18:28:26","modified_gmt":"2014-08-27T21:28:26","slug":"acidente-entre-ambulancia-e-caminhao-deixa-tres-mortos-na-br-101","status":"publish","type":"post","link":"https:\/\/www.blogdotarugao.com.br\/v1\/2014\/08\/27\/acidente-entre-ambulancia-e-caminhao-deixa-tres-mortos-na-br-101\/","title":{"rendered":"Acidente entre ambul\u00e2ncia e caminh\u00e3o deixa tr\u00eas mortos na BR-101"},"content":{"rendered":"<header class=\"single-header\">\n<p class=\"single-subtitle\">O acidente aconteceu entre os munic\u00edpios de Cachoeira e S\u00e3o F\u00e9lix, por volta das 14h<\/p>\n<\/header>\n<div class=\"single-meta\">\n<div class=\"meta-author\">\n<div class=\"meta-author-name\">\n<table class=\"middle\">\n<thead>\n<tr>\n<th scope=\"col\">\n<p class=\"bodytext\"><img loading=\"lazy\" class=\"decoded\" src=\"http:\/\/www.correio24horas.com.br\/uploads\/RTEmagicC_f5ac2410a8.jpg.jpg\" alt=\"http:\/\/cdn.vozdabahia.com.br\/listas\/posts\/128148.jpg?1409161456\" width=\"400\" height=\"300\" \/><\/p>\n<\/th>\n<\/tr>\n<\/thead>\n<tbody>\n<tr>\n<td>\n<p class=\"bodytext\">Foto: A Voz da Bahia<\/p>\n<\/td>\n<\/tr>\n<\/tbody>\n<\/table>\n<p class=\"bodytext\">Um grave acidente deixou tr\u00eas pessoas mortas e uma ferida na tarde desta quinta-feira (27) na BR-101. Segundo a Pol\u00edcia Rodovi\u00e1ria Federal (PRF), o acidente aconteceu entre os munic\u00edpios de Cachoeira e S\u00e3o F\u00e9lix, por volta das 14h. Equipes da PRF e do Servi\u00e7o de Atendimento M\u00f3vel de Urg\u00eancia (Samu) est\u00e3o no local.<\/p>\n<p>Segundo informa\u00e7\u00f5es do blog A Voz da Bahia, uma ambul\u00e2ncia colidiu com um caminh\u00e3o e uma motocicleta e pegou fogo em seguida. As tr\u00eas pessoas que estavam ambul\u00e2ncia\u00a0 morreram carbonizadas. Os nomes das v\u00edtimas n\u00e3o foram divulgados. O motociclista Diego Melo sofreu uma fratura na perna esquerda e foi socorrido para um hospital em Cruz das Almas.<\/p>\n<\/div>\n<\/div>\n<\/div>\n","protected":false},"excerpt":{"rendered":"<p>O acidente aconteceu entre os munic\u00edpios de Cachoeira e S\u00e3o F\u00e9lix, por volta das 14h Foto: A Voz da Bahia Um grave acidente deixou tr\u00eas pessoas mortas e uma ferida na tarde desta quinta-feira (27) na BR-101. Segundo a Pol\u00edcia Rodovi\u00e1ria Federal (PRF), o acidente aconteceu entre os munic\u00edpios de Cachoeira e S\u00e3o F\u00e9lix, por [&hellip;]<\/p>\n","protected":false},"author":2,"featured_media":0,"comment_status":"open","ping_status":"open","sticky":false,"template":"","format":"standard","meta":{"_links_to":"","_links_to_target":""},"categories":[28,6,1],"tags":[],"_links":{"self":[{"href":"https:\/\/www.blogdotarugao.com.br\/v1\/wp-json\/wp\/v2\/posts\/15474"}],"collection":[{"href":"https:\/\/www.blogdotarugao.com.br\/v1\/wp-json\/wp\/v2\/posts"}],"about":[{"href":"https:\/\/www.blogdotarugao.com.br\/v1\/wp-json\/wp\/v2\/types\/post"}],"author":[{"embeddable":true,"href":"https:\/\/www.blogdotarugao.com.br\/v1\/wp-json\/wp\/v2\/users\/2"}],"replies":[{"embeddable":true,"href":"https:\/\/www.blogdotarugao.com.br\/v1\/wp-json\/wp\/v2\/comments?post=15474"}],"version-history":[{"count":1,"href":"https:\/\/www.blogdotarugao.com.br\/v1\/wp-json\/wp\/v2\/posts\/15474\/revisions"}],"predecessor-version":[{"id":15475,"href":"https:\/\/www.blogdotarugao.com.br\/v1\/wp-json\/wp\/v2\/posts\/15474\/revisions\/15475"}],"wp:attachment":[{"href":"https:\/\/www.blogdotarugao.com.br\/v1\/wp-json\/wp\/v2\/media?parent=15474"}],"wp:term":[{"taxonomy":"category","embeddable":true,"href":"https:\/\/www.blogdotarugao.com.br\/v1\/wp-json\/wp\/v2\/categories?post=15474"},{"taxonomy":"post_tag","embeddable":true,"href":"https:\/\/www.blogdotarugao.com.br\/v1\/wp-json\/wp\/v2\/tags?post=15474"}],"curies":[{"name":"wp","href":"https:\/\/api.w.org\/{rel}","templated":true}]}}