{"id":15476,"date":"2014-08-27T18:38:47","date_gmt":"2014-08-27T21:38:47","guid":{"rendered":"http:\/\/www.blogdotarugao.com.br\/v1\/?p=15476"},"modified":"2014-08-27T18:38:47","modified_gmt":"2014-08-27T21:38:47","slug":"marina-nao-responde-juridicamente-por-possivel-uso-irregular-de-jato-de-eduardo","status":"publish","type":"post","link":"https:\/\/www.blogdotarugao.com.br\/v1\/2014\/08\/27\/marina-nao-responde-juridicamente-por-possivel-uso-irregular-de-jato-de-eduardo\/","title":{"rendered":"Marina n\u00e3o responde juridicamente por poss\u00edvel uso irregular de jato de Eduardo"},"content":{"rendered":"<p style=\"color: #444444;\"><img loading=\"lazy\" src=\"http:\/\/www.diariodocentrodomundo.com.br\/wp-content\/uploads\/2014\/08\/Marina-Silva.jpg\" alt=\"\" width=\"596\" height=\"354\" \/><\/p>\n<p><span style=\"color: #444444;\">Caso a Justi\u00e7a Eleitoral seja provocada por conta de um poss\u00edvel uso irregular do jato Cessna Citation pelo ex-candidato \u00e0 presid\u00eancia da Rep\u00fablica pelo PSB, Eduardo Campos, a sua substituta, a presidenci\u00e1vel Marina Silva, n\u00e3o responder\u00e1 juridicamente pelos atos da coliga\u00e7\u00e3o encabe\u00e7ada pelo ex-governador de Pernambuco, que morreu no \u00faltimo dia 13 de julho em um acidente a\u00e9reo. A ex-senadora era vice na chapa de Campos.<\/p>\n<p>Na noite desta ter\u00e7a-feira (27), reportagem do Jornal Nacional mostrou que tr\u00eas empresas fantasmas ou sem capacidade financeira foram usadas para pagar a aeronave\u00a0<\/span><span style=\"color: #444444;\">utilizada por Campos em per\u00edodo eleitoral<\/span><span style=\"color: #444444;\">, avaliada em R$ 16 milh\u00f5es.<img loading=\"lazy\" title=\"Divulga\u00e7\u00e3o\" src=\"http:\/\/bocaonews.com.br\/ckfinder\/userfiles\/fotos_e_imagens\/14225185.jpeg\" alt=\"\" width=\"598\" height=\"462\" \/><\/p>\n<p>Marina chegou a usar o jatinho em algumas oportunidades para cumprir agenda pol\u00edtica ao lado de Campos. No dia do acidente, a nova postulante ao Pal\u00e1cio do Planalto revelou que foi convidada pelo companheiro de chapa a embarcar no avi\u00e3o com destino a Santos, local da queda, mas uma \u201cprovid\u00eancia divina\u201d fez com que ela fosse em outro voo.<\/p>\n<p>Mesmo comprovada poss\u00edveis irregularidades, como abuso de poder econ\u00f4mico ou pr\u00e1tica de caixa 2 na campanha pessebista, juridicamente, a coliga\u00e7\u00e3o \u201cUnidos pelo Brasil, encabe\u00e7ada agora por Marina Silva, n\u00e3o corre o risco de ter suas candidaturas indeferidas e, com isso, impossibilite Marina de concorrer ao pleito.\u00a0Inclusive, conforme apurou reportagem, se o Tribunal Superior Eleitoral (TSE) resolver se debru\u00e7ar no caso, ser\u00e1 a primeira vez que a Corte tratar\u00e1 judicialmente do assunto.<\/p>\n<p>\u201cQuando o candidato morre, a coliga\u00e7\u00e3o tem que fazer a presta\u00e7\u00e3o de contas. Escolhido o substituto, se tem uma nova delibera\u00e7\u00e3o, uma nova ata da conven\u00e7\u00e3o e um novo pedido de registro de candidatura\u201d, explicou o advogado eleitoralista, Thyeres Novais, em entrevista ao Boc\u00e3o News, ao defender que uma poss\u00edvel a\u00e7\u00e3o de impugna\u00e7\u00e3o de candidatura dever\u00e1 n\u00e3o ser acatada pela Justi\u00e7a Eleitoral.<\/span><br style=\"color: #444444;\" \/><br style=\"color: #444444;\" \/><span style=\"color: #444444;\">No TSE, o deferimento da candidatura de Marina por substitui\u00e7\u00e3o de candidato ainda aguarda julgamento, apesar de j\u00e1 ter sido registrada, como gera\u00e7\u00e3o de novo CNPJ e forma\u00e7\u00e3o de um novo comit\u00ea financeiro. O registro de Eduardo Campos j\u00e1 consta com situa\u00e7\u00e3o de \u201cfalecido\u201d.<\/span><\/p>\n","protected":false},"excerpt":{"rendered":"<p>Caso a Justi\u00e7a Eleitoral seja provocada por conta de um poss\u00edvel uso irregular do jato Cessna Citation pelo ex-candidato \u00e0 presid\u00eancia da Rep\u00fablica pelo PSB, Eduardo Campos, a sua substituta, a presidenci\u00e1vel Marina Silva, n\u00e3o responder\u00e1 juridicamente pelos atos da coliga\u00e7\u00e3o encabe\u00e7ada pelo ex-governador de Pernambuco, que morreu no \u00faltimo dia 13 de julho em [&hellip;]<\/p>\n","protected":false},"author":2,"featured_media":0,"comment_status":"open","ping_status":"open","sticky":false,"template":"","format":"standard","meta":{"_links_to":"","_links_to_target":""},"categories":[29,1,7],"tags":[],"_links":{"self":[{"href":"https:\/\/www.blogdotarugao.com.br\/v1\/wp-json\/wp\/v2\/posts\/15476"}],"collection":[{"href":"https:\/\/www.blogdotarugao.com.br\/v1\/wp-json\/wp\/v2\/posts"}],"about":[{"href":"https:\/\/www.blogdotarugao.com.br\/v1\/wp-json\/wp\/v2\/types\/post"}],"author":[{"embeddable":true,"href":"https:\/\/www.blogdotarugao.com.br\/v1\/wp-json\/wp\/v2\/users\/2"}],"replies":[{"embeddable":true,"href":"https:\/\/www.blogdotarugao.com.br\/v1\/wp-json\/wp\/v2\/comments?post=15476"}],"version-history":[{"count":1,"href":"https:\/\/www.blogdotarugao.com.br\/v1\/wp-json\/wp\/v2\/posts\/15476\/revisions"}],"predecessor-version":[{"id":15477,"href":"https:\/\/www.blogdotarugao.com.br\/v1\/wp-json\/wp\/v2\/posts\/15476\/revisions\/15477"}],"wp:attachment":[{"href":"https:\/\/www.blogdotarugao.com.br\/v1\/wp-json\/wp\/v2\/media?parent=15476"}],"wp:term":[{"taxonomy":"category","embeddable":true,"href":"https:\/\/www.blogdotarugao.com.br\/v1\/wp-json\/wp\/v2\/categories?post=15476"},{"taxonomy":"post_tag","embeddable":true,"href":"https:\/\/www.blogdotarugao.com.br\/v1\/wp-json\/wp\/v2\/tags?post=15476"}],"curies":[{"name":"wp","href":"https:\/\/api.w.org\/{rel}","templated":true}]}}