{"id":15503,"date":"2014-08-28T09:35:48","date_gmt":"2014-08-28T12:35:48","guid":{"rendered":"http:\/\/www.blogdotarugao.com.br\/v1\/?p=15503"},"modified":"2014-08-28T09:35:48","modified_gmt":"2014-08-28T12:35:48","slug":"pastor-everaldo-confirma-que-soltou-pum-em-entrevista-foi-silencioso-e-sem-cheiro","status":"publish","type":"post","link":"https:\/\/www.blogdotarugao.com.br\/v1\/2014\/08\/28\/pastor-everaldo-confirma-que-soltou-pum-em-entrevista-foi-silencioso-e-sem-cheiro\/","title":{"rendered":"Pastor Everaldo confirma que soltou pum em entrevista: \u201cfoi silencioso e sem cheiro\u201d"},"content":{"rendered":"<p><img src=\"http:\/\/www.pimenta.blog.br\/wp-content\/uploads\/2014\/08\/pastor-everaldo-no-jn-divulga%C3%A7%C3%A3o.jpg\" alt=\"Pastor Everaldo, \u00e0 direita, na bancada ao lado dos apresentadores do JN.\" \/><\/p>\n<p>Pastor Everaldo, \u00e0 direita, na bancada ao lado dos apresentadores do JN.<br \/>\nAlvo de montagem nas redes sociais dando conta de um suposto \u201cpum\u201d na entrevista ao Jornal Nacional, o Pastor Everaldo (PSC), candidato a presidente da Rep\u00fablica, confessa que, sim, cometeu a indelicadeza na semana passada, diante das c\u00e2meras globais e de William Bonner e Patr\u00edcia Poeta.<\/p>\n<p>Em montagem feita por internautas, Pastor Everaldo aparece soltando um pum durante entrevista na Rede Globo, no \u00faltimo dia 19 de agosto.<\/p>\n<p>William Bonner tanto apertou que ele\u2026 Deixemos que ele mesmo conte o epis\u00f3dio\u2026<\/p>\n<p>&#8211; A gente entra na campanha e acaba virando alvo das brincadeiras mesmo. Faz parte do jogo. Mas vou te confessar um segredo: teve pum. Mas foi silencioso e sem cheiro \u2013 disse.<\/p>\n<p>A confiss\u00e3o se deu em entrevista ao jornalista Rodrigo Rodrigues, do Terra Magazine, editado pelo jornalista Bob Fernandes. Confira a montagem:<\/p>\n<p style=\"color: #000000;\"><strong>VEJA<\/strong><\/p>\n<p style=\"color: #000000;\"><iframe loading=\"lazy\" src=\"http:\/\/www.youtube.com\/embed\/G6KeMMs77e8\" width=\"560\" height=\"315\" frameborder=\"0\" allowfullscreen=\"allowfullscreen\"><\/iframe><\/p>\n<p style=\"color: #000000;\">\n","protected":false},"excerpt":{"rendered":"<p>Pastor Everaldo, \u00e0 direita, na bancada ao lado dos apresentadores do JN. Alvo de montagem nas redes sociais dando conta de um suposto \u201cpum\u201d na entrevista ao Jornal Nacional, o Pastor Everaldo (PSC), candidato a presidente da Rep\u00fablica, confessa que, sim, cometeu a indelicadeza na semana passada, diante das c\u00e2meras globais e de William Bonner [&hellip;]<\/p>\n","protected":false},"author":2,"featured_media":0,"comment_status":"open","ping_status":"open","sticky":false,"template":"","format":"standard","meta":{"_links_to":"","_links_to_target":""},"categories":[14,21,29,1],"tags":[],"_links":{"self":[{"href":"https:\/\/www.blogdotarugao.com.br\/v1\/wp-json\/wp\/v2\/posts\/15503"}],"collection":[{"href":"https:\/\/www.blogdotarugao.com.br\/v1\/wp-json\/wp\/v2\/posts"}],"about":[{"href":"https:\/\/www.blogdotarugao.com.br\/v1\/wp-json\/wp\/v2\/types\/post"}],"author":[{"embeddable":true,"href":"https:\/\/www.blogdotarugao.com.br\/v1\/wp-json\/wp\/v2\/users\/2"}],"replies":[{"embeddable":true,"href":"https:\/\/www.blogdotarugao.com.br\/v1\/wp-json\/wp\/v2\/comments?post=15503"}],"version-history":[{"count":1,"href":"https:\/\/www.blogdotarugao.com.br\/v1\/wp-json\/wp\/v2\/posts\/15503\/revisions"}],"predecessor-version":[{"id":15504,"href":"https:\/\/www.blogdotarugao.com.br\/v1\/wp-json\/wp\/v2\/posts\/15503\/revisions\/15504"}],"wp:attachment":[{"href":"https:\/\/www.blogdotarugao.com.br\/v1\/wp-json\/wp\/v2\/media?parent=15503"}],"wp:term":[{"taxonomy":"category","embeddable":true,"href":"https:\/\/www.blogdotarugao.com.br\/v1\/wp-json\/wp\/v2\/categories?post=15503"},{"taxonomy":"post_tag","embeddable":true,"href":"https:\/\/www.blogdotarugao.com.br\/v1\/wp-json\/wp\/v2\/tags?post=15503"}],"curies":[{"name":"wp","href":"https:\/\/api.w.org\/{rel}","templated":true}]}}