{"id":15517,"date":"2014-08-28T18:34:09","date_gmt":"2014-08-28T21:34:09","guid":{"rendered":"http:\/\/www.blogdotarugao.com.br\/v1\/?p=15517"},"modified":"2014-08-28T18:34:09","modified_gmt":"2014-08-28T21:34:09","slug":"salario-minimo-sera-de-r-788-em-2015-diz-ministra","status":"publish","type":"post","link":"https:\/\/www.blogdotarugao.com.br\/v1\/2014\/08\/28\/salario-minimo-sera-de-r-788-em-2015-diz-ministra\/","title":{"rendered":"Sal\u00e1rio m\u00ednimo ser\u00e1 de R$ 788 em 2015, diz ministra"},"content":{"rendered":"<div class=\"align-center\" style=\"color: #000000;\">\n<div class=\"imgNoticia clear\"><img title=\"Sal\u00e1rio m\u00ednimo ser\u00e1 de R$ 788 em 2015, diz ministra\" src=\"http:\/\/www.bahianoticias.com.br\/fotos\/estadao_noticias\/50129\/xIMAGEM_NOTICIA_5.jpg.pagespeed.ic.4wpxqn1k7J.jpg\" alt=\"Sal\u00e1rio m\u00ednimo ser\u00e1 de R$ 788 em 2015, diz ministra\" \/><\/div>\n<div class=\"clear\"><\/div>\n<\/div>\n<div class=\"editor clear\" style=\"color: #444444;\">A ministra do Planejamento, Miriam Belchior, afirmou nesta quinta-feira (28) que o sal\u00e1rio m\u00ednimo ser\u00e1 reajustado para R$ 788,06 a partir de janeiro de 2015.\u00a0O aumento ser\u00e1 de 8,8% em rela\u00e7\u00e3o ao valor deste ano, que \u00e9 de R$ 724.<\/div>\n<div class=\"editor clear\" style=\"color: #444444;\"><\/div>\n<div class=\"editor clear\" style=\"color: #444444;\">O impacto para as contas p\u00fablicas no pr\u00f3ximo ano, segundo a assessoria da ministra, ser\u00e1 de R$ 22 bilh\u00f5es.\u00a0A presidente Dilma Rousseff (PT) prometeu,\u00a0nesta quinta, que caso seja reeleita manter\u00e1 a atual pol\u00edtica de valoriza\u00e7\u00e3o do sal\u00e1rio m\u00ednimo.<\/div>\n<div class=\"editor clear\" style=\"color: #444444;\"><\/div>\n<div class=\"editor clear\" style=\"color: #444444;\">A petista tamb\u00e9m afirmou que no seu governo o sal\u00e1rio m\u00ednimo aumentou &#8220;12,4% acima da infla\u00e7\u00e3o&#8221;, o que permitiu que milh\u00f5es de brasileiros melhorassem de vida.\u00a0&#8220;Eu n\u00e3o pretendo, de maneira alguma, acabar com a pol\u00edtica de valoriza\u00e7\u00e3o do sal\u00e1rio m\u00ednimo. Pol\u00edtica de valoriza\u00e7\u00e3o do sal\u00e1rio m\u00ednimo que n\u00f3s temos certeza que contribuiu para esse pa\u00eds chegar onde chegou&#8221;, disse Dilma a jornalistas, depois de participar com evento com trabalhadores rurais em Bras\u00edlia.<\/div>\n<div class=\"editor clear\" style=\"color: #444444;\"><\/div>\n<div class=\"editor clear\" style=\"color: #444444;\">&#8220;Dizem que \u00e9 importante parar de subir o sal\u00e1rio, porque sen\u00e3o a infla\u00e7\u00e3o cresce. O sal\u00e1rio m\u00ednimo aumentou 12,4% acima da infla\u00e7\u00e3o no meu governo e isso permitiu que milh\u00f5es de brasileiros tivessem acesso a uma vida melhor.\u00a0Eles falam que a infla\u00e7\u00e3o aumentou por causa do sal\u00e1rio, \u00e9 mentira. A infla\u00e7\u00e3o, inclusive, est\u00e1 caindo nos \u00faltimos meses e agora chegou a perto de zero&#8221;, defendeu a candidata.<\/div>\n","protected":false},"excerpt":{"rendered":"<p>A ministra do Planejamento, Miriam Belchior, afirmou nesta quinta-feira (28) que o sal\u00e1rio m\u00ednimo ser\u00e1 reajustado para R$ 788,06 a partir de janeiro de 2015.\u00a0O aumento ser\u00e1 de 8,8% em rela\u00e7\u00e3o ao valor deste ano, que \u00e9 de R$ 724. O impacto para as contas p\u00fablicas no pr\u00f3ximo ano, segundo a assessoria da ministra, ser\u00e1 [&hellip;]<\/p>\n","protected":false},"author":2,"featured_media":0,"comment_status":"open","ping_status":"open","sticky":false,"template":"","format":"standard","meta":{"_links_to":"","_links_to_target":""},"categories":[21,16,1],"tags":[],"_links":{"self":[{"href":"https:\/\/www.blogdotarugao.com.br\/v1\/wp-json\/wp\/v2\/posts\/15517"}],"collection":[{"href":"https:\/\/www.blogdotarugao.com.br\/v1\/wp-json\/wp\/v2\/posts"}],"about":[{"href":"https:\/\/www.blogdotarugao.com.br\/v1\/wp-json\/wp\/v2\/types\/post"}],"author":[{"embeddable":true,"href":"https:\/\/www.blogdotarugao.com.br\/v1\/wp-json\/wp\/v2\/users\/2"}],"replies":[{"embeddable":true,"href":"https:\/\/www.blogdotarugao.com.br\/v1\/wp-json\/wp\/v2\/comments?post=15517"}],"version-history":[{"count":1,"href":"https:\/\/www.blogdotarugao.com.br\/v1\/wp-json\/wp\/v2\/posts\/15517\/revisions"}],"predecessor-version":[{"id":15518,"href":"https:\/\/www.blogdotarugao.com.br\/v1\/wp-json\/wp\/v2\/posts\/15517\/revisions\/15518"}],"wp:attachment":[{"href":"https:\/\/www.blogdotarugao.com.br\/v1\/wp-json\/wp\/v2\/media?parent=15517"}],"wp:term":[{"taxonomy":"category","embeddable":true,"href":"https:\/\/www.blogdotarugao.com.br\/v1\/wp-json\/wp\/v2\/categories?post=15517"},{"taxonomy":"post_tag","embeddable":true,"href":"https:\/\/www.blogdotarugao.com.br\/v1\/wp-json\/wp\/v2\/tags?post=15517"}],"curies":[{"name":"wp","href":"https:\/\/api.w.org\/{rel}","templated":true}]}}