{"id":15519,"date":"2014-08-28T18:40:26","date_gmt":"2014-08-28T21:40:26","guid":{"rendered":"http:\/\/www.blogdotarugao.com.br\/v1\/?p=15519"},"modified":"2014-08-28T18:40:26","modified_gmt":"2014-08-28T21:40:26","slug":"pt-convoca-cupula-para-mobilizar-defesa-de-dilma-nas-redes-sociais-e-atacar-marina","status":"publish","type":"post","link":"https:\/\/www.blogdotarugao.com.br\/v1\/2014\/08\/28\/pt-convoca-cupula-para-mobilizar-defesa-de-dilma-nas-redes-sociais-e-atacar-marina\/","title":{"rendered":"PT convoca c\u00fapula para mobilizar defesa de Dilma nas redes sociais e atacar Marina"},"content":{"rendered":"<div class=\"align-center\" style=\"color: #000000;\">\n<div class=\"imgNoticia clear\"><img title=\"PT convoca c\u00fapula para mobilizar defesa de Dilma nas redes sociais e atacar Marina\" src=\"http:\/\/www.bahianoticias.com.br\/fotos\/principal_noticias\/159482\/xIMAGEM_NOTICIA_5.jpg.pagespeed.ic.J6V5-fZndp.jpg\" alt=\"PT convoca c\u00fapula para mobilizar defesa de Dilma nas redes sociais e atacar Marina\" \/><\/p>\n<div class=\"tooltip-text\" style=\"font-weight: bold; color: #ffffff;\">Foto: Divulga\u00e7\u00e3o<\/div>\n<\/div>\n<div class=\"clear\"><\/div>\n<\/div>\n<div class=\"editor clear\" style=\"color: #444444;\">Por conta do crescimento de Marina Silva (PSB) as pesquisas de inten\u00e7\u00f5es de voto para a Presid\u00eancia da Rep\u00fablica, o comit\u00ea de campanha de Dilma Rousseff (PT) reuniu a c\u00fapula do segundo escal\u00e3o do governo federal para montar uma opera\u00e7\u00e3o de mobiliza\u00e7\u00e3o nos Estados e de defesa da presidente nas redes sociais, ambiente mais simp\u00e1tico \u00e0 candidata do PSB.<\/div>\n<div class=\"editor clear\" style=\"color: #444444;\"><\/div>\n<div class=\"editor clear\" style=\"color: #444444;\">Os presentes, cerca de 100 assessores de minist\u00e9rios e estatais comandados por PT, PMDB, PP, PR, PSD, PDT, Pros e PCdoB, foram orientados a fazer pelo menos um evento pol\u00edtico por semana, fora do hor\u00e1rio de trabalho, para &#8220;defender o projeto pol\u00edtico&#8221; do governo Dilma Rousseff.<\/div>\n<div class=\"editor clear\" style=\"color: #444444;\"><\/div>\n<div class=\"editor clear\" style=\"color: #444444;\">&#8220;A ordem \u00e9 trabalhar pela vit\u00f3ria da Dilma, com os assessores se distribuindo em viagens pelos Estados&#8221;, afirmou um dos participantes. Durante a reuni\u00e3o, os assessores foram informados que as despesas nestes eventos ser\u00e3o bancadas pelo PT. Informa\u00e7\u00f5es da Folha de S. Paulo.<\/div>\n","protected":false},"excerpt":{"rendered":"<p>Foto: Divulga\u00e7\u00e3o Por conta do crescimento de Marina Silva (PSB) as pesquisas de inten\u00e7\u00f5es de voto para a Presid\u00eancia da Rep\u00fablica, o comit\u00ea de campanha de Dilma Rousseff (PT) reuniu a c\u00fapula do segundo escal\u00e3o do governo federal para montar uma opera\u00e7\u00e3o de mobiliza\u00e7\u00e3o nos Estados e de defesa da presidente nas redes sociais, ambiente [&hellip;]<\/p>\n","protected":false},"author":2,"featured_media":0,"comment_status":"open","ping_status":"open","sticky":false,"template":"","format":"standard","meta":{"_links_to":"","_links_to_target":""},"categories":[14,29,1,7],"tags":[],"_links":{"self":[{"href":"https:\/\/www.blogdotarugao.com.br\/v1\/wp-json\/wp\/v2\/posts\/15519"}],"collection":[{"href":"https:\/\/www.blogdotarugao.com.br\/v1\/wp-json\/wp\/v2\/posts"}],"about":[{"href":"https:\/\/www.blogdotarugao.com.br\/v1\/wp-json\/wp\/v2\/types\/post"}],"author":[{"embeddable":true,"href":"https:\/\/www.blogdotarugao.com.br\/v1\/wp-json\/wp\/v2\/users\/2"}],"replies":[{"embeddable":true,"href":"https:\/\/www.blogdotarugao.com.br\/v1\/wp-json\/wp\/v2\/comments?post=15519"}],"version-history":[{"count":1,"href":"https:\/\/www.blogdotarugao.com.br\/v1\/wp-json\/wp\/v2\/posts\/15519\/revisions"}],"predecessor-version":[{"id":15520,"href":"https:\/\/www.blogdotarugao.com.br\/v1\/wp-json\/wp\/v2\/posts\/15519\/revisions\/15520"}],"wp:attachment":[{"href":"https:\/\/www.blogdotarugao.com.br\/v1\/wp-json\/wp\/v2\/media?parent=15519"}],"wp:term":[{"taxonomy":"category","embeddable":true,"href":"https:\/\/www.blogdotarugao.com.br\/v1\/wp-json\/wp\/v2\/categories?post=15519"},{"taxonomy":"post_tag","embeddable":true,"href":"https:\/\/www.blogdotarugao.com.br\/v1\/wp-json\/wp\/v2\/tags?post=15519"}],"curies":[{"name":"wp","href":"https:\/\/api.w.org\/{rel}","templated":true}]}}