{"id":15556,"date":"2014-08-29T10:04:27","date_gmt":"2014-08-29T13:04:27","guid":{"rendered":"http:\/\/www.blogdotarugao.com.br\/v1\/?p=15556"},"modified":"2014-08-29T10:04:27","modified_gmt":"2014-08-29T13:04:27","slug":"homem-cai-com-moto-em-buraco","status":"publish","type":"post","link":"https:\/\/www.blogdotarugao.com.br\/v1\/2014\/08\/29\/homem-cai-com-moto-em-buraco\/","title":{"rendered":"Homem cai com moto em buraco"},"content":{"rendered":"<div id=\"conteudoNoticia\" class=\"news-editor\" style=\"color: #444444;\">\n<div>Ontem (28) o\u00a0<strong>Boc\u00e3o News<\/strong>\u00a0noticiou a exist\u00eancia de um buraco na rua Conde de Porto Alegre, no IAPI, que est\u00e1 travando o tr\u00e1fego de ve\u00edculos\u00a0<a style=\"font-weight: bold; color: #990000;\" href=\"http:\/\/www.bocaonews.com.br\/noticias\/principal\/geral\/94561,transito-no-iapi-trava-por-causa-de-buraco.html\" target=\"_blank\">na regi\u00e3o em hor\u00e1rios de pico<\/a>. Em resposta, a Sucop prometeu investigar se a cratera \u00e9 de compet\u00eancia da prefeitura. J\u00e1 a Embasa diz por meio de nota que o buraco \u201cest\u00e1 relacionado \u00e0 rede de drenagem de \u00e1guas pluviais, de responsabilidade da Prefeitura Municipal de Salvador\u201d.<\/p>\n<p>Enquanto o problema n\u00e3o \u00e9 resolvido, at\u00e9 acidentes acontecem. Na noite de ontem, durante o programa Se Liga Boc\u00e3o da Itapoan FM, o moto-rep\u00f3rter Cabelinho flagrou uma situa\u00e7\u00e3o inusitada: um motociclista perdeu o controle do ve\u00edculo e caiu no buraco. Juvenildo da Silva Bahia \u00e9 morador do Retiro e disse que n\u00e3o viu a abertura porque a l\u00e2mpada do poste mais pr\u00f3ximo estava apagada. Ele teve ferimentos leves e passa bem.\n<\/p><\/div>\n<div>\n<img title=\"Boc\u00e3o News\" src=\"http:\/\/www.bocaonews.com.br\/ckfinder\/userfiles\/fotos_e_imagens\/ACIDENTES\/SALVADOR\/moto_buraco_reproducao_jpgum.jpg\" alt=\"\" \/><\/div>\n<div id=\"cke_pastebin\"><\/div>\n<div><img title=\"Boc\u00e3o News\" src=\"http:\/\/www.bocaonews.com.br\/ckfinder\/userfiles\/fotos_e_imagens\/ACIDENTES\/SALVADOR\/moto_buraco_reproducao.jpg\" alt=\"\" \/><\/div>\n<\/div>\n","protected":false},"excerpt":{"rendered":"<p>Ontem (28) o\u00a0Boc\u00e3o News\u00a0noticiou a exist\u00eancia de um buraco na rua Conde de Porto Alegre, no IAPI, que est\u00e1 travando o tr\u00e1fego de ve\u00edculos\u00a0na regi\u00e3o em hor\u00e1rios de pico. Em resposta, a Sucop prometeu investigar se a cratera \u00e9 de compet\u00eancia da prefeitura. J\u00e1 a Embasa diz por meio de nota que o buraco \u201cest\u00e1 [&hellip;]<\/p>\n","protected":false},"author":2,"featured_media":0,"comment_status":"open","ping_status":"open","sticky":false,"template":"","format":"standard","meta":{"_links_to":"","_links_to_target":""},"categories":[28,6,1],"tags":[],"_links":{"self":[{"href":"https:\/\/www.blogdotarugao.com.br\/v1\/wp-json\/wp\/v2\/posts\/15556"}],"collection":[{"href":"https:\/\/www.blogdotarugao.com.br\/v1\/wp-json\/wp\/v2\/posts"}],"about":[{"href":"https:\/\/www.blogdotarugao.com.br\/v1\/wp-json\/wp\/v2\/types\/post"}],"author":[{"embeddable":true,"href":"https:\/\/www.blogdotarugao.com.br\/v1\/wp-json\/wp\/v2\/users\/2"}],"replies":[{"embeddable":true,"href":"https:\/\/www.blogdotarugao.com.br\/v1\/wp-json\/wp\/v2\/comments?post=15556"}],"version-history":[{"count":1,"href":"https:\/\/www.blogdotarugao.com.br\/v1\/wp-json\/wp\/v2\/posts\/15556\/revisions"}],"predecessor-version":[{"id":15557,"href":"https:\/\/www.blogdotarugao.com.br\/v1\/wp-json\/wp\/v2\/posts\/15556\/revisions\/15557"}],"wp:attachment":[{"href":"https:\/\/www.blogdotarugao.com.br\/v1\/wp-json\/wp\/v2\/media?parent=15556"}],"wp:term":[{"taxonomy":"category","embeddable":true,"href":"https:\/\/www.blogdotarugao.com.br\/v1\/wp-json\/wp\/v2\/categories?post=15556"},{"taxonomy":"post_tag","embeddable":true,"href":"https:\/\/www.blogdotarugao.com.br\/v1\/wp-json\/wp\/v2\/tags?post=15556"}],"curies":[{"name":"wp","href":"https:\/\/api.w.org\/{rel}","templated":true}]}}