{"id":15622,"date":"2014-08-31T11:49:45","date_gmt":"2014-08-31T14:49:45","guid":{"rendered":"http:\/\/www.blogdotarugao.com.br\/v1\/?p=15622"},"modified":"2014-08-31T11:54:25","modified_gmt":"2014-08-31T14:54:25","slug":"merenda-escolar-era-desviada-e-vendida-em-supermercados-da-bahia","status":"publish","type":"post","link":"https:\/\/www.blogdotarugao.com.br\/v1\/2014\/08\/31\/merenda-escolar-era-desviada-e-vendida-em-supermercados-da-bahia\/","title":{"rendered":"Merenda escolar era desviada e vendida em supermercados da Bahia"},"content":{"rendered":"<p><img style=\"color: #444444;\" src=\"http:\/\/bocaonews.com.br\/ckfinder\/userfiles\/fotos_e_imagens\/merendad3.jpg\" alt=\"\" \/><\/p>\n<p><span style=\"color: #444444;\">Uma a\u00e7\u00e3o do Minist\u00e9rio P\u00fablico estadual interditou tr\u00eas supermercados e prendeu tr\u00eas pessoas no munic\u00edpio de Teixeira de Freitas, no extremo sul da Bahia. De acordo com informa\u00e7\u00f5es da promotoria respons\u00e1vel pela opera\u00e7\u00e3o, os estabelecimentos estavam comercializando alimentos desviados do Governo Federal que seriam dstinados para a merenda escolar na rede p\u00fablica de educa\u00e7\u00e3o.<\/span><br style=\"color: #444444;\" \/><br style=\"color: #444444;\" \/><span style=\"color: #444444;\">Acompanhados de policiais civis e militares, os promotores de justi\u00e7a Anselmo Lima Pereira, titular da 5\u00aa Promotoria P\u00fablica de Cidadania e Prote\u00e7\u00e3o \u00e0 Moralidade e ao Patrim\u00f4nio P\u00fablico e C\u00edvel da 1\u00aa Vara, e Ana Kristina Santos Lehubach Prates, titular da 6\u00aa Promotoria de Justi\u00e7a Regional Especializada em Combate \u00e0 Sonega\u00e7\u00e3o Fiscal, apreenderam cerca de 2 toneladas de mercadorias com lacre do Governo Federal. Entre os alimentos estavam farinha, a\u00e7\u00facar e feij\u00e3o.<\/span><br style=\"color: #444444;\" \/><br style=\"color: #444444;\" \/><span style=\"color: #444444;\">O Supermercado Teixeira, no bairro S\u00e3o Louren\u00e7o, Supermercado Distrisul, na Pra\u00e7a do Mercado Municipal, no centro de Teixeira de Freitas, e o Supermercado e Padaria Verde, no bairro Colina Verde, na zona norte da cidade foram os alvos.<\/span><br style=\"color: #444444;\" \/><span style=\"color: #444444;\">Ao todo foram apreendidos, 1.099 quilos de feij\u00e3o, 612 quilos de farinha e 277 quilos de a\u00e7\u00facar com selo do Programa Parceiro da Escola. A suspeita que a merenda escolar deveria ter sido destinada para as escolas dos assentamentos de reforma agr\u00e1ria da regi\u00e3o e seria oriunda do Programa de Desenvolvimento Social e Combate \u00e0 Fome (MDS).<\/span><br style=\"color: #444444;\" \/><br style=\"color: #444444;\" \/><span style=\"color: #444444;\">Miguel Arcanjo de Oliveira, 25 anos, Jos\u00e9 Carlos Ramos Silva, 26 anos, e Aristides Santos Santana, 43 anos, foram autuados em flagrante por ter conhecimento que estavam comercializando produtos desviados. O delegado Kleber Eduardo Gon\u00e7alves, titular da Pol\u00edcia Civil de Teixeira de Freitas, informou que os tr\u00eas homens foram enquadrados em crime de recepta\u00e7\u00e3o qualificada.<\/span><br style=\"color: #444444;\" \/><br style=\"color: #444444;\" \/><span style=\"color: #444444;\">A mercadoria foi encaminhada para a per\u00edcia para saber de que setor foi desviada e o destino que elas deveria ter sido levadas. O Minist\u00e9rio P\u00fablico quer agora identificar o local de onde a merenda escolar estava sendo desviada.<\/span><!--more--><\/p>\n","protected":false},"excerpt":{"rendered":"<p>Uma a\u00e7\u00e3o do Minist\u00e9rio P\u00fablico estadual interditou tr\u00eas supermercados e prendeu tr\u00eas pessoas no munic\u00edpio de Teixeira de Freitas, no extremo sul da Bahia. De acordo com informa\u00e7\u00f5es da promotoria respons\u00e1vel pela opera\u00e7\u00e3o, os estabelecimentos estavam comercializando alimentos desviados do Governo Federal que seriam dstinados para a merenda escolar na rede p\u00fablica de educa\u00e7\u00e3o.Acompanhados de [&hellip;]<\/p>\n","protected":false},"author":2,"featured_media":0,"comment_status":"open","ping_status":"open","sticky":false,"template":"","format":"standard","meta":{"_links_to":"","_links_to_target":""},"categories":[6,1,8],"tags":[],"_links":{"self":[{"href":"https:\/\/www.blogdotarugao.com.br\/v1\/wp-json\/wp\/v2\/posts\/15622"}],"collection":[{"href":"https:\/\/www.blogdotarugao.com.br\/v1\/wp-json\/wp\/v2\/posts"}],"about":[{"href":"https:\/\/www.blogdotarugao.com.br\/v1\/wp-json\/wp\/v2\/types\/post"}],"author":[{"embeddable":true,"href":"https:\/\/www.blogdotarugao.com.br\/v1\/wp-json\/wp\/v2\/users\/2"}],"replies":[{"embeddable":true,"href":"https:\/\/www.blogdotarugao.com.br\/v1\/wp-json\/wp\/v2\/comments?post=15622"}],"version-history":[{"count":2,"href":"https:\/\/www.blogdotarugao.com.br\/v1\/wp-json\/wp\/v2\/posts\/15622\/revisions"}],"predecessor-version":[{"id":15625,"href":"https:\/\/www.blogdotarugao.com.br\/v1\/wp-json\/wp\/v2\/posts\/15622\/revisions\/15625"}],"wp:attachment":[{"href":"https:\/\/www.blogdotarugao.com.br\/v1\/wp-json\/wp\/v2\/media?parent=15622"}],"wp:term":[{"taxonomy":"category","embeddable":true,"href":"https:\/\/www.blogdotarugao.com.br\/v1\/wp-json\/wp\/v2\/categories?post=15622"},{"taxonomy":"post_tag","embeddable":true,"href":"https:\/\/www.blogdotarugao.com.br\/v1\/wp-json\/wp\/v2\/tags?post=15622"}],"curies":[{"name":"wp","href":"https:\/\/api.w.org\/{rel}","templated":true}]}}