{"id":15692,"date":"2014-09-01T14:54:57","date_gmt":"2014-09-01T17:54:57","guid":{"rendered":"http:\/\/www.blogdotarugao.com.br\/v1\/?p=15692"},"modified":"2014-09-01T15:08:24","modified_gmt":"2014-09-01T18:08:24","slug":"defensores-publicos-fazem-manifestacao-devido-a-corte-de-r-10-milhoes-no-orcamentoa-presidente-da-adep-ba-disse-que-o-orgao-baiano-e-o-3a-pior-do-brasil-foto-bn-a-associacao-dos-defensores-publicos","status":"publish","type":"post","link":"https:\/\/www.blogdotarugao.com.br\/v1\/2014\/09\/01\/defensores-publicos-fazem-manifestacao-devido-a-corte-de-r-10-milhoes-no-orcamentoa-presidente-da-adep-ba-disse-que-o-orgao-baiano-e-o-3a-pior-do-brasil-foto-bn-a-associacao-dos-defensores-publicos\/","title":{"rendered":"Defensores p\u00fablicos fazem manifesta\u00e7\u00e3o devido a corte de R$ 10 milh\u00f5es no or\u00e7amento"},"content":{"rendered":"<div class=\"align-center\" style=\"color: #000000;\">\n<div class=\"imgNoticia clear\"><img title=\"Defensores p\u00fablicos fazem manifesta\u00e7\u00e3o devido a corte de R$ 10 milh\u00f5es no or\u00e7amento\" src=\"http:\/\/www.bahianoticias.com.br\/fotos\/justica_noticias\/49438\/xIMAGEM_NOTICIA_5.jpg.pagespeed.ic.94vBphghRD.jpg\" alt=\"Defensores p\u00fablicos fazem manifesta\u00e7\u00e3o devido a corte de R$ 10 milh\u00f5es no or\u00e7amento\" \/><\/p>\n<div class=\"tooltip-text\" style=\"font-weight: bold; color: #ffffff;\">A presidente da ADEP-BA disse que o \u00f3rg\u00e3o baiano \u00e9 o 3\u00aa pior do Brasil Foto: BN<\/div>\n<\/div>\n<div class=\"clear\"><\/div>\n<\/div>\n<div class=\"editor clear\" style=\"color: #444444;\"><strong>A Associa\u00e7\u00e3o dos Defensores P\u00fablicos da Bahia (ADEP-BA) far\u00e1 uma mobiliza\u00e7\u00e3o na pr\u00f3xima segunda-feira (1\u00ba), a partir das 9 horas, durante sess\u00e3o do conselho superior do \u00f3rg\u00e3o em Salvador, na Avenida Manoel Dias, na Pituba. <\/strong><\/div>\n<div class=\"editor clear\" style=\"color: #444444;\"><\/div>\n<div class=\"editor clear\" style=\"color: #444444;\"><strong>Segundo Soraia Ramos, presidente da ADEP-BA, a decis\u00e3o foi tomada em assembleia geral, realizada no \u00faltimo dia 8. O principal motivo do ato \u00e9 a possibilidade de redu\u00e7\u00e3o do or\u00e7amento da Defensoria P\u00fablica para o ano de 2015 de R$ 163 milh\u00f5es para R$ 152 milh\u00f5es, aproximadamente, que foi apresentada pela defensora-geral Vit\u00f3ria Beltr\u00e3o Bandeira, na \u00faltima sess\u00e3o do conselho superior, realizada no dia 22 de julho.<\/strong><\/div>\n<div class=\"editor clear\" style=\"color: #444444;\"><\/div>\n<div class=\"editor clear\" style=\"color: #444444;\"><strong> A presidente da associa\u00e7\u00e3o disse que Vit\u00f3ria Bandeira apresentou uma planilha que indicava um poss\u00edvel corte de R$ 10.437.209,00 cuja cota teria sido determinada pelo governo do Estado e deveria ser aprovada imediatamente. <\/strong><\/div>\n<p><!--more--><\/p>\n<div class=\"editor clear\" style=\"color: #444444;\"><\/div>\n<div class=\"editor clear\" style=\"color: #444444;\"><strong>Soraia revelou que, atualmente, a Bahia conta com 264 defensores p\u00fablicos, que conseguem atender apenas 8% das comarcas baianas, alcan\u00e7ando o posto de 3\u00aa pior Defensoria P\u00fablica do Brasil. \u201cDe 2013 para c\u00e1, o or\u00e7amento j\u00e1 foi reduzido em, mais ou menos 10%. <\/strong><\/div>\n<div class=\"editor clear\" style=\"color: #444444;\"><\/div>\n<div class=\"editor clear\" style=\"color: #444444;\"><strong>Ao inv\u00e9s de aumentar, ou, no m\u00ednimo ficasse igual, ele foi reduzido, fazendo com que a Defensoria n\u00e3o consiga colocar mais defensores nas Comarcas e aumentar o atendimento para as pessoas que carecem dos servi\u00e7os\u201d, explicou. <\/strong><\/div>\n<div class=\"editor clear\" style=\"color: #444444;\"><\/div>\n<div class=\"editor clear\" style=\"color: #444444;\"><strong>Al\u00e9m disso, a presidente da ADEP-BA explicou que os defensores cobram mais respeito da administra\u00e7\u00e3o da Defensoria P\u00fablica, e que ela lute mais pela categoria. \u201cA defensora-geral n\u00e3o respeita algumas quest\u00f5es do trabalho dos defensores. Por exemplo, quando s\u00e3o enviados of\u00edcios, ela n\u00e3o responde\u201d, explicou. <\/strong><\/div>\n<div class=\"editor clear\" style=\"color: #444444;\"><\/div>\n<div class=\"editor clear\" style=\"color: #444444;\"><strong>Outra reinvindica\u00e7\u00e3o feita pela ADEP-BA \u00e9 a autonomia da Defensoria P\u00fablica que, segundo ela, existe na teoria, por\u00e9m, n\u00e3o h\u00e1 na pr\u00e1tica. <\/strong><\/div>\n<div class=\"editor clear\" style=\"color: #444444;\"><\/div>\n<div class=\"editor clear\" style=\"color: #444444;\"><strong>\u201cA constitui\u00e7\u00e3o garante a autonomia da Defensoria, tanto financeira quanto legislativa e administrativa. Por\u00e9m, como o or\u00e7amento fica vinculado ao Executivo, o \u00f3rg\u00e3o n\u00e3o possui a autonomia de ter o seu pr\u00f3prio or\u00e7amento. <\/strong><\/div>\n<div class=\"editor clear\" style=\"color: #444444;\"><\/div>\n<div class=\"editor clear\" style=\"color: #444444;\"><strong>Isso impede que se possa, por exemplo, nomear todos os aprovados em concurso p\u00fablico\u201d, disse. \u201cEstamos lutando desde 2010 para criar uma comiss\u00e3o chamada \u2018Mais Defensores\u2019, para termos mais pessoal e sair desta 3\u00aa posi\u00e7\u00e3o de pior defensoria do Brasil\u201d, concluiu.<\/strong><\/div>\n","protected":false},"excerpt":{"rendered":"<p>A presidente da ADEP-BA disse que o \u00f3rg\u00e3o baiano \u00e9 o 3\u00aa pior do Brasil Foto: BN A Associa\u00e7\u00e3o dos Defensores P\u00fablicos da Bahia (ADEP-BA) far\u00e1 uma mobiliza\u00e7\u00e3o na pr\u00f3xima segunda-feira (1\u00ba), a partir das 9 horas, durante sess\u00e3o do conselho superior do \u00f3rg\u00e3o em Salvador, na Avenida Manoel Dias, na Pituba. Segundo Soraia Ramos, [&hellip;]<\/p>\n","protected":false},"author":2,"featured_media":0,"comment_status":"open","ping_status":"open","sticky":false,"template":"","format":"standard","meta":{"_links_to":"","_links_to_target":""},"categories":[6,18,1,7],"tags":[],"_links":{"self":[{"href":"https:\/\/www.blogdotarugao.com.br\/v1\/wp-json\/wp\/v2\/posts\/15692"}],"collection":[{"href":"https:\/\/www.blogdotarugao.com.br\/v1\/wp-json\/wp\/v2\/posts"}],"about":[{"href":"https:\/\/www.blogdotarugao.com.br\/v1\/wp-json\/wp\/v2\/types\/post"}],"author":[{"embeddable":true,"href":"https:\/\/www.blogdotarugao.com.br\/v1\/wp-json\/wp\/v2\/users\/2"}],"replies":[{"embeddable":true,"href":"https:\/\/www.blogdotarugao.com.br\/v1\/wp-json\/wp\/v2\/comments?post=15692"}],"version-history":[{"count":4,"href":"https:\/\/www.blogdotarugao.com.br\/v1\/wp-json\/wp\/v2\/posts\/15692\/revisions"}],"predecessor-version":[{"id":15696,"href":"https:\/\/www.blogdotarugao.com.br\/v1\/wp-json\/wp\/v2\/posts\/15692\/revisions\/15696"}],"wp:attachment":[{"href":"https:\/\/www.blogdotarugao.com.br\/v1\/wp-json\/wp\/v2\/media?parent=15692"}],"wp:term":[{"taxonomy":"category","embeddable":true,"href":"https:\/\/www.blogdotarugao.com.br\/v1\/wp-json\/wp\/v2\/categories?post=15692"},{"taxonomy":"post_tag","embeddable":true,"href":"https:\/\/www.blogdotarugao.com.br\/v1\/wp-json\/wp\/v2\/tags?post=15692"}],"curies":[{"name":"wp","href":"https:\/\/api.w.org\/{rel}","templated":true}]}}