{"id":16049,"date":"2014-09-10T12:40:13","date_gmt":"2014-09-10T15:40:13","guid":{"rendered":"http:\/\/www.blogdotarugao.com.br\/v1\/?p=16049"},"modified":"2014-09-10T12:40:41","modified_gmt":"2014-09-10T15:40:41","slug":"citado-em-depoimento-do-ex-diretor-de-abastecimento-da-petrobras-paulo-roberto-costa-a-policia-federal-pf-o-ministro-de-minas-e-energia-edison-lobao-esta-em-ferias-desde-ontem-8-e-permanecer","status":"publish","type":"post","link":"https:\/\/www.blogdotarugao.com.br\/v1\/2014\/09\/10\/citado-em-depoimento-do-ex-diretor-de-abastecimento-da-petrobras-paulo-roberto-costa-a-policia-federal-pf-o-ministro-de-minas-e-energia-edison-lobao-esta-em-ferias-desde-ontem-8-e-permanecer\/","title":{"rendered":"Ap\u00f3s den\u00fancias, ministro de Minas e Energia sai de f\u00e9rias"},"content":{"rendered":"<p style=\"color: #444444;\"><img loading=\"lazy\" title=\"Divulga\u00e7\u00e3o\" src=\"http:\/\/www.bocaonews.com.br\/ckfinder\/userfiles\/fotos_e_imagens\/edisonlobao.jpg\" alt=\"\" width=\"479\" height=\"319\" \/><\/p>\n<p style=\"color: #444444;\">Citado em depoimento do ex-diretor de Abastecimento da Petrobras Paulo Roberto Costa \u00e0 Pol\u00edcia Federal (PF), o ministro de Minas e Energia, Edison Lob\u00e3o, est\u00e1 em f\u00e9rias desde ontem (8) e permanecer\u00e1 fora do trabalho at\u00e9 sexta-feira (12). Em seu lugar, atuar\u00e1 como ministro interino o secret\u00e1rio-executivo da pasta, M\u00e1rcio Zimmermann. Lob\u00e3o passou o fim de semana no Maranh\u00e3o e voltou ontem \u00e0 noite a Bras\u00edlia.<\/p>\n<p><br style=\"color: #444444;\" \/><span style=\"color: #444444;\">Hoje, ele est\u00e1 na capital federal, mas seu destino at\u00e9 o fim desta semana n\u00e3o foi informado. A autoriza\u00e7\u00e3o para as f\u00e9rias do ministro foi publicada na edi\u00e7\u00e3o do dia 1\u00ba de setembro no Di\u00e1rio Oficial da Uni\u00e3o, em despacho da presidente Dilma Rousseff. A publica\u00e7\u00e3o previa f\u00e9rias entre os dias 1\u00ba e 5 de setembro. Na edi\u00e7\u00e3o do Di\u00e1rio do dia 2 de setembro, houve uma retifica\u00e7\u00e3o com o adiamento das f\u00e9rias do ministro para esta semana, entre os dias 8 e 12 de setembro. N\u00e3o \u00e9 a primeira vez que Lob\u00e3o entra em f\u00e9rias neste ano.<\/span><\/p>\n<p>O ministro tamb\u00e9m saiu de f\u00e9rias entre os dias 28 de julho e 1.\u00ba de agosto. Lob\u00e3o foi mencionado por Costa como um dos supostos benefici\u00e1rios do esquema de desvios de recursos e lavagem de dinheiro investigado pela PF na opera\u00e7\u00e3o Lava Jato. Procurado, o ministro n\u00e3o se pronunciou sobre o assunto.<\/p>\n","protected":false},"excerpt":{"rendered":"<p>Citado em depoimento do ex-diretor de Abastecimento da Petrobras Paulo Roberto Costa \u00e0 Pol\u00edcia Federal (PF), o ministro de Minas e Energia, Edison Lob\u00e3o, est\u00e1 em f\u00e9rias desde ontem (8) e permanecer\u00e1 fora do trabalho at\u00e9 sexta-feira (12). Em seu lugar, atuar\u00e1 como ministro interino o secret\u00e1rio-executivo da pasta, M\u00e1rcio Zimmermann. Lob\u00e3o passou o fim [&hellip;]<\/p>\n","protected":false},"author":2,"featured_media":0,"comment_status":"open","ping_status":"open","sticky":false,"template":"","format":"standard","meta":{"_links_to":"","_links_to_target":""},"categories":[14,21,1,7],"tags":[],"_links":{"self":[{"href":"https:\/\/www.blogdotarugao.com.br\/v1\/wp-json\/wp\/v2\/posts\/16049"}],"collection":[{"href":"https:\/\/www.blogdotarugao.com.br\/v1\/wp-json\/wp\/v2\/posts"}],"about":[{"href":"https:\/\/www.blogdotarugao.com.br\/v1\/wp-json\/wp\/v2\/types\/post"}],"author":[{"embeddable":true,"href":"https:\/\/www.blogdotarugao.com.br\/v1\/wp-json\/wp\/v2\/users\/2"}],"replies":[{"embeddable":true,"href":"https:\/\/www.blogdotarugao.com.br\/v1\/wp-json\/wp\/v2\/comments?post=16049"}],"version-history":[{"count":2,"href":"https:\/\/www.blogdotarugao.com.br\/v1\/wp-json\/wp\/v2\/posts\/16049\/revisions"}],"predecessor-version":[{"id":16051,"href":"https:\/\/www.blogdotarugao.com.br\/v1\/wp-json\/wp\/v2\/posts\/16049\/revisions\/16051"}],"wp:attachment":[{"href":"https:\/\/www.blogdotarugao.com.br\/v1\/wp-json\/wp\/v2\/media?parent=16049"}],"wp:term":[{"taxonomy":"category","embeddable":true,"href":"https:\/\/www.blogdotarugao.com.br\/v1\/wp-json\/wp\/v2\/categories?post=16049"},{"taxonomy":"post_tag","embeddable":true,"href":"https:\/\/www.blogdotarugao.com.br\/v1\/wp-json\/wp\/v2\/tags?post=16049"}],"curies":[{"name":"wp","href":"https:\/\/api.w.org\/{rel}","templated":true}]}}