{"id":161,"date":"2013-11-12T00:56:44","date_gmt":"2013-11-12T03:56:44","guid":{"rendered":"http:\/\/www.blogdotarugao.com.br\/v1\/?p=161"},"modified":"2013-11-12T00:56:46","modified_gmt":"2013-11-12T03:56:46","slug":"agentes-comunitarios-de-saude-e-de-endemias-de-salvador-param-por-24-horas","status":"publish","type":"post","link":"https:\/\/www.blogdotarugao.com.br\/v1\/2013\/11\/12\/agentes-comunitarios-de-saude-e-de-endemias-de-salvador-param-por-24-horas\/","title":{"rendered":"Agentes comunit\u00e1rios de Sa\u00fade e de endemias de Salvador param por 24 horas"},"content":{"rendered":"<div>\n<div><img alt=\"Agentes comunit\u00e1rios de Sa\u00fade e de endemias de Salvador param por 24 horas\" src=\"http:\/\/www.bahianoticias.com.br\/fotos\/principal_noticias\/146358\/xIMAGEM_NOTICIA_5.jpg.pagespeed.ic.1ksVefnOHv.jpg\" \/><\/p>\n<h5>Agentes realizaram uma manifesta\u00e7\u00e3o na \u00faltima visita de Dilma a Salvador<\/h5>\n<\/div>\n<div><\/div>\n<\/div>\n<div>Os agentes comunit\u00e1rios de Sa\u00fade e de combate \u00e0s endemias de Salvador paralisar\u00e3o suas atividades por 24h nesta ter\u00e7a-feira (11).<\/div>\n<div><\/div>\n<div><\/div>\n<div>Al\u00e9m da interrup\u00e7\u00e3o no servi\u00e7o, a categoria realiza uma manifesta\u00e7\u00e3o no Largo do Campo Grande, a partir das 9h. Segundo os servidores, os atos s\u00e3o em protesto pela demora na vota\u00e7\u00e3o e aprova\u00e7\u00e3o na C\u00e2mara dos Deputados do piso nacional da categoria. Atualmente, o piso \u00e9 de R$ 592.<\/div>\n<div><\/div>\n<div>Com a aprova\u00e7\u00e3o do projeto de lei, os vencimentos passariam para R$ 950. \u201cNo dia 23 de outubro haveria a vota\u00e7\u00e3o, mas a bancada do governo n\u00e3o quis votar.<\/div>\n<div><\/div>\n<div>N\u00f3s estamos lutando para tentar fazer com que a presidente Dilma Rousseff e os parlamentares se conscientizem com a causa e que a presidente deixe que a bancada governista aprove o Projeto de Lei 7495\/06, porque se o governo tem dinheiro para ajudar o Paraguai e o Programa Mais M\u00e9dicos, tamb\u00e9m tem que ter para dar nosso piso nacional\u201d, afirmou o presidente da Associa\u00e7\u00e3o da categoria (AACES), En\u00e1dio Pinto.<\/div>\n","protected":false},"excerpt":{"rendered":"<p>Agentes realizaram uma manifesta\u00e7\u00e3o na \u00faltima visita de Dilma a Salvador Os agentes comunit\u00e1rios de Sa\u00fade e de combate \u00e0s endemias de Salvador paralisar\u00e3o suas atividades por 24h nesta ter\u00e7a-feira (11). Al\u00e9m da interrup\u00e7\u00e3o no servi\u00e7o, a categoria realiza uma manifesta\u00e7\u00e3o no Largo do Campo Grande, a partir das 9h. Segundo os servidores, os atos [&hellip;]<\/p>\n","protected":false},"author":2,"featured_media":0,"comment_status":"open","ping_status":"open","sticky":false,"template":"","format":"standard","meta":{"_links_to":"","_links_to_target":""},"categories":[1],"tags":[],"_links":{"self":[{"href":"https:\/\/www.blogdotarugao.com.br\/v1\/wp-json\/wp\/v2\/posts\/161"}],"collection":[{"href":"https:\/\/www.blogdotarugao.com.br\/v1\/wp-json\/wp\/v2\/posts"}],"about":[{"href":"https:\/\/www.blogdotarugao.com.br\/v1\/wp-json\/wp\/v2\/types\/post"}],"author":[{"embeddable":true,"href":"https:\/\/www.blogdotarugao.com.br\/v1\/wp-json\/wp\/v2\/users\/2"}],"replies":[{"embeddable":true,"href":"https:\/\/www.blogdotarugao.com.br\/v1\/wp-json\/wp\/v2\/comments?post=161"}],"version-history":[{"count":1,"href":"https:\/\/www.blogdotarugao.com.br\/v1\/wp-json\/wp\/v2\/posts\/161\/revisions"}],"predecessor-version":[{"id":164,"href":"https:\/\/www.blogdotarugao.com.br\/v1\/wp-json\/wp\/v2\/posts\/161\/revisions\/164"}],"wp:attachment":[{"href":"https:\/\/www.blogdotarugao.com.br\/v1\/wp-json\/wp\/v2\/media?parent=161"}],"wp:term":[{"taxonomy":"category","embeddable":true,"href":"https:\/\/www.blogdotarugao.com.br\/v1\/wp-json\/wp\/v2\/categories?post=161"},{"taxonomy":"post_tag","embeddable":true,"href":"https:\/\/www.blogdotarugao.com.br\/v1\/wp-json\/wp\/v2\/tags?post=161"}],"curies":[{"name":"wp","href":"https:\/\/api.w.org\/{rel}","templated":true}]}}