{"id":16132,"date":"2014-09-11T21:40:08","date_gmt":"2014-09-12T00:40:08","guid":{"rendered":"http:\/\/www.blogdotarugao.com.br\/v1\/?p=16132"},"modified":"2014-09-11T21:40:08","modified_gmt":"2014-09-12T00:40:08","slug":"funcionarios-de-sac-de-feira-de-santana-fazem-paralisacao-por-falta-de-pagamento","status":"publish","type":"post","link":"https:\/\/www.blogdotarugao.com.br\/v1\/2014\/09\/11\/funcionarios-de-sac-de-feira-de-santana-fazem-paralisacao-por-falta-de-pagamento\/","title":{"rendered":"Funcion\u00e1rios de SAC de Feira de Santana fazem paralisa\u00e7\u00e3o por falta de pagamento"},"content":{"rendered":"<div class=\"align-center\" style=\"color: #000000;\">\n<div class=\"imgNoticia clear\"><img title=\"Funcion\u00e1rios de SAC de Feira de Santana fazem paralisa\u00e7\u00e3o por falta de pagamento\" src=\"http:\/\/www.bahianoticias.com.br\/fotos\/principal_noticias\/160195\/xIMAGEM_NOTICIA_5.jpg.pagespeed.ic.cjiCGKtRSX.jpg\" alt=\"Funcion\u00e1rios de SAC de Feira de Santana fazem paralisa\u00e7\u00e3o por falta de pagamento\" \/><\/p>\n<div class=\"tooltip-text\" style=\"font-weight: bold; color: #ffffff;\"><\/div>\n<\/div>\n<\/div>\n<div class=\"editor clear\" style=\"color: #444444;\">Funcion\u00e1rios do Servi\u00e7o de Atendimento ao Cidad\u00e3o (SAC) da rodovi\u00e1ria de Feira de Santana fizeram uma paralisa\u00e7\u00e3o nesta quinta-feira (11) por n\u00e3o receberem pagamentos de verbas rescis\u00f3rias da empresa PH servi\u00e7os, empresa que terceiriza o servi\u00e7o. Os funcion\u00e1rios foram demitidos em 21 de maio deste ano, pela PH, e foram contratados por outra terceirizada mas n\u00e3o receberam os vencimentos. O secret\u00e1rio estadual de Administra\u00e7\u00e3o, Etelvino Goes informou ao site Acorda Cidade que a empresa PH n\u00e3o pagou os funcion\u00e1rios, mas que outra empresa foi contratada pelo governo do Estado e que o fluxo salarial est\u00e1 regularizado. Ele informou ainda que o Estado pagou o FGTS dos funcion\u00e1rios da PH, mas que ficaram as parcelas da rescis\u00e3o.<\/div>\n","protected":false},"excerpt":{"rendered":"<p>Funcion\u00e1rios do Servi\u00e7o de Atendimento ao Cidad\u00e3o (SAC) da rodovi\u00e1ria de Feira de Santana fizeram uma paralisa\u00e7\u00e3o nesta quinta-feira (11) por n\u00e3o receberem pagamentos de verbas rescis\u00f3rias da empresa PH servi\u00e7os, empresa que terceiriza o servi\u00e7o. Os funcion\u00e1rios foram demitidos em 21 de maio deste ano, pela PH, e foram contratados por outra terceirizada mas [&hellip;]<\/p>\n","protected":false},"author":2,"featured_media":0,"comment_status":"open","ping_status":"open","sticky":false,"template":"","format":"standard","meta":{"_links_to":"","_links_to_target":""},"categories":[6,1,7],"tags":[],"_links":{"self":[{"href":"https:\/\/www.blogdotarugao.com.br\/v1\/wp-json\/wp\/v2\/posts\/16132"}],"collection":[{"href":"https:\/\/www.blogdotarugao.com.br\/v1\/wp-json\/wp\/v2\/posts"}],"about":[{"href":"https:\/\/www.blogdotarugao.com.br\/v1\/wp-json\/wp\/v2\/types\/post"}],"author":[{"embeddable":true,"href":"https:\/\/www.blogdotarugao.com.br\/v1\/wp-json\/wp\/v2\/users\/2"}],"replies":[{"embeddable":true,"href":"https:\/\/www.blogdotarugao.com.br\/v1\/wp-json\/wp\/v2\/comments?post=16132"}],"version-history":[{"count":1,"href":"https:\/\/www.blogdotarugao.com.br\/v1\/wp-json\/wp\/v2\/posts\/16132\/revisions"}],"predecessor-version":[{"id":16133,"href":"https:\/\/www.blogdotarugao.com.br\/v1\/wp-json\/wp\/v2\/posts\/16132\/revisions\/16133"}],"wp:attachment":[{"href":"https:\/\/www.blogdotarugao.com.br\/v1\/wp-json\/wp\/v2\/media?parent=16132"}],"wp:term":[{"taxonomy":"category","embeddable":true,"href":"https:\/\/www.blogdotarugao.com.br\/v1\/wp-json\/wp\/v2\/categories?post=16132"},{"taxonomy":"post_tag","embeddable":true,"href":"https:\/\/www.blogdotarugao.com.br\/v1\/wp-json\/wp\/v2\/tags?post=16132"}],"curies":[{"name":"wp","href":"https:\/\/api.w.org\/{rel}","templated":true}]}}