{"id":16134,"date":"2014-09-11T21:49:51","date_gmt":"2014-09-12T00:49:51","guid":{"rendered":"http:\/\/www.blogdotarugao.com.br\/v1\/?p=16134"},"modified":"2014-09-11T21:50:49","modified_gmt":"2014-09-12T00:50:49","slug":"apos-um-ano-em-recuperacao-judicial-via-uno-fecha-fabricas-na-bahia","status":"publish","type":"post","link":"https:\/\/www.blogdotarugao.com.br\/v1\/2014\/09\/11\/apos-um-ano-em-recuperacao-judicial-via-uno-fecha-fabricas-na-bahia\/","title":{"rendered":"Ap\u00f3s um ano em recupera\u00e7\u00e3o judicial, Via Uno fecha f\u00e1bricas na Bahia"},"content":{"rendered":"<p><img src=\"http:\/\/retironoticias.com.br\/wp-content\/uploads\/2012\/11\/via-uno2.jpg\" alt=\"\" \/><br \/>\nCom o fechamento da unidade, a empresa deixar\u00e1 de ter fabrica\u00e7\u00e3o pr\u00f3pria e, se quiser continuar no mercado, ter\u00e1 de encontrar um parceiro para terceirizar sua produ\u00e7\u00e3o.<\/p>\n<p class=\"bodytext\">H\u00e1 um ano em recupera\u00e7\u00e3o judicial, a Via Uno encerrou nesta semana as atividades da \u00faltima das tr\u00eas f\u00e1bricas que mantinha no Nordeste da Bahia, demitindo cerca de 800 trabalhadores, segundo o Sindicato dos Trabalhadores da Ind\u00fastria Cal\u00e7adista (Sintracal) do Estado. Com o fechamento da unidade, a empresa deixar\u00e1 de ter fabrica\u00e7\u00e3o pr\u00f3pria e, se quiser continuar no mercado, ter\u00e1 de encontrar um parceiro para terceirizar sua produ\u00e7\u00e3o.<\/p>\n<p class=\"bodytext\"><img loading=\"lazy\" src=\"http:\/\/noticiasdesantaluz.com.br\/wp-content\/uploads\/2014\/02\/Via_Uno_Valente.jpg\" alt=\"\" width=\"632\" height=\"474\" \/><\/p>\n<p class=\"bodytext\">Segundo o administrador judicial da empresa, Laurence Medeiros, a ideia \u00e9 manter o neg\u00f3cio funcionando. Ele diz que o fundador da empresa, C\u00e9sar Minetto, que seguiu \u00e0 frente do dia a dia do neg\u00f3cio mesmo ap\u00f3s a recupera\u00e7\u00e3o, j\u00e1 negocia contratos de fornecimento. \u201cAs lojas continuam funcionando\u201d, afirma Medeiros. Segundo o site da Via Uno, a empresa tem hoje 44 unidades no Brasil &#8211; h\u00e1 um ano, eram 135 pontos de venda. Na \u00e9poca do pedido de recupera\u00e7\u00e3o, as d\u00edvidas da Via Uno eram de R$ 240 milh\u00f5es.<img class=\"alignleft\" src=\"http:\/\/www.calilanoticias.com\/wp-content\/uploads\/2012\/11\/via-uno-coite.jpg\" alt=\"\" \/><\/p>\n<p class=\"bodytext\">Com o fechamento das f\u00e1bricas, a conta trabalhista deve aumentar, segundo Jurandir Souza Brito, secret\u00e1rio-geral do Sintracal. Isso porque, na reuni\u00e3o que oficializou o fechamento, a empresa alegou que n\u00e3o tinha dinheiro para pagar as verbas rescis\u00f3rias. Brito diz ainda que a empresa deve pelo menos dois anos de FGTS aos trabalhadores. \u201cNem a contribui\u00e7\u00e3o sindical, que foi descontada dos trabalhadores, nos foi repassada\u201d, afirma o sindicalista. Fontes ligadas \u00e0 companhia confirmaram que a empresa n\u00e3o pagou os direitos dos funcion\u00e1rios demitidos. Uma das estrat\u00e9gias da atual administra\u00e7\u00e3o seria a venda de maquin\u00e1rios e de estoques para saldar essas d\u00edvidas.<\/p>\n<p class=\"bodytext\">\n<p class=\"bodytext\"><img loading=\"lazy\" src=\"http:\/\/4.bp.blogspot.com\/-qtXCsGQjJd0\/UcvDagLOL5I\/AAAAAAAAlBY\/Q8o5ICp8-NY\/s1600\/IMAGEM_NOTICIA_5+(2).jpg\" alt=\"\" width=\"340\" height=\"250\" \/><\/p>\n<p class=\"bodytext\">Al\u00e9m do acerto das demiss\u00f5es, apurou o jornal \u201cO Estado de S. Paulo\u201d, a empresa tamb\u00e9m estaria devendo pelo menos um m\u00eas de sal\u00e1rios aos trabalhadores. Al\u00e9m das demiss\u00f5es nas f\u00e1bricas &#8211; que somaram cerca de 2 mil desligamentos nos \u00faltimos tr\u00eas anos -, a empresa tamb\u00e9m fez nesta semana um corte no setor administrativo em sua sede, no Rio Grande do Sul, com o objetivo de cortar custos.<\/p>\n<p class=\"bodytext\"><img src=\"http:\/\/retironoticias.com.br\/wp-content\/uploads\/2012\/11\/sindicato-260x183.jpg\" alt=\"\" \/><\/p>\n<p class=\"bodytext\">Embora a empresa tenha inten\u00e7\u00e3o de manter a produ\u00e7\u00e3o e a rede de franquias funcionando, uma fonte do setor cal\u00e7adista dizem que, dado o hist\u00f3rico da Via Uno, a empresa pode ter problemas para encontrar um parceiro para suprir o estoque de suas lojas. Cerca da metade da d\u00edvida da Via Uno \u00e9 justamente com antigos fornecedores que n\u00e3o receberam.<\/p>\n<p class=\"bodytext\"><span style=\"font-weight: bold;\">Estrat\u00e9gia<\/span><br \/>\nCriada em 1993, a Via Uno nasceu focada em produtos de baixo valor agregado que atendiam o mercado multimarcas. De olho na estrat\u00e9gia da Arezzo, que desde os anos 90 vinha investindo em uma rede pr\u00f3pria, a Via Uno decidiu seguir o mesmo caminho a partir do in\u00edcio da d\u00e9cada passada.<\/p>\n<p class=\"bodytext\">Em 2010, a estrat\u00e9gia \u201cchique\u201d da Via Uno atingiu seu \u00e1pice: a empresa chegou a 200 pontos de venda, com a proposta de vender cal\u00e7ados ao pre\u00e7o m\u00e9dio de R$ 200, e anunciou que a meta era atingir 300 unidades at\u00e9 o fim daquele ano &#8211; uma meta que nunca foi atingida. Na \u00e9poca, a receita da Via Uno era estimada em R$ 400 milh\u00f5es, aproximadamente a metade do que a Arezzo faturava naquele momento.<\/p>\n","protected":false},"excerpt":{"rendered":"<p>Com o fechamento da unidade, a empresa deixar\u00e1 de ter fabrica\u00e7\u00e3o pr\u00f3pria e, se quiser continuar no mercado, ter\u00e1 de encontrar um parceiro para terceirizar sua produ\u00e7\u00e3o. H\u00e1 um ano em recupera\u00e7\u00e3o judicial, a Via Uno encerrou nesta semana as atividades da \u00faltima das tr\u00eas f\u00e1bricas que mantinha no Nordeste da Bahia, demitindo cerca de [&hellip;]<\/p>\n","protected":false},"author":2,"featured_media":0,"comment_status":"open","ping_status":"open","sticky":false,"template":"","format":"standard","meta":{"_links_to":"","_links_to_target":""},"categories":[6,16,1,7],"tags":[],"_links":{"self":[{"href":"https:\/\/www.blogdotarugao.com.br\/v1\/wp-json\/wp\/v2\/posts\/16134"}],"collection":[{"href":"https:\/\/www.blogdotarugao.com.br\/v1\/wp-json\/wp\/v2\/posts"}],"about":[{"href":"https:\/\/www.blogdotarugao.com.br\/v1\/wp-json\/wp\/v2\/types\/post"}],"author":[{"embeddable":true,"href":"https:\/\/www.blogdotarugao.com.br\/v1\/wp-json\/wp\/v2\/users\/2"}],"replies":[{"embeddable":true,"href":"https:\/\/www.blogdotarugao.com.br\/v1\/wp-json\/wp\/v2\/comments?post=16134"}],"version-history":[{"count":2,"href":"https:\/\/www.blogdotarugao.com.br\/v1\/wp-json\/wp\/v2\/posts\/16134\/revisions"}],"predecessor-version":[{"id":16136,"href":"https:\/\/www.blogdotarugao.com.br\/v1\/wp-json\/wp\/v2\/posts\/16134\/revisions\/16136"}],"wp:attachment":[{"href":"https:\/\/www.blogdotarugao.com.br\/v1\/wp-json\/wp\/v2\/media?parent=16134"}],"wp:term":[{"taxonomy":"category","embeddable":true,"href":"https:\/\/www.blogdotarugao.com.br\/v1\/wp-json\/wp\/v2\/categories?post=16134"},{"taxonomy":"post_tag","embeddable":true,"href":"https:\/\/www.blogdotarugao.com.br\/v1\/wp-json\/wp\/v2\/tags?post=16134"}],"curies":[{"name":"wp","href":"https:\/\/api.w.org\/{rel}","templated":true}]}}