{"id":16152,"date":"2014-09-12T12:12:00","date_gmt":"2014-09-12T15:12:00","guid":{"rendered":"http:\/\/www.blogdotarugao.com.br\/v1\/?p=16152"},"modified":"2014-09-12T12:12:00","modified_gmt":"2014-09-12T15:12:00","slug":"pediatras-do-hospital-geral-roberto-santos-ameacam-entrar-em-greve","status":"publish","type":"post","link":"https:\/\/www.blogdotarugao.com.br\/v1\/2014\/09\/12\/pediatras-do-hospital-geral-roberto-santos-ameacam-entrar-em-greve\/","title":{"rendered":"Pediatras do Hospital Geral Roberto Santos amea\u00e7am entrar em greve"},"content":{"rendered":"<p><span style=\"color: #444444;\">Os m\u00e9dicos pediatras da emerg\u00eancia do Hospital Geral Roberto Santos devem entrar em greve no pr\u00f3ximo dia 23, ap\u00f3s decis\u00e3o tomada em assembleia na \u00faltima segunda-feira (8). Segundo o Sindicato dos M\u00e9dicos da Bahia, os motivos que levaram \u00e0 paralisa\u00e7\u00e3o s\u00e3o a &#8220;situa\u00e7\u00e3o cr\u00f4nica de sobrecarga de trabalho, com excesso de pacientes diante de equipes desfalcadas, al\u00e9m de permanente precariedade nas condi\u00e7\u00f5es de trabalho&#8221;. O sindicato alega que in\u00fameros apelos foram feitos \u00e0 Secretaria Estadual de Sa\u00fade no decorrer de 2013 e que o quadro tem se agravado ultimamente.<\/span><br style=\"color: #444444;\" \/><br style=\"color: #444444;\" \/><span style=\"color: #444444;\"><img src=\"http:\/\/www.bocaonews.com.br\/ckfinder\/userfiles\/fotos_e_imagens\/Roberto_Santos_Fachada_Bocao_News(1).JPG\" alt=\"\" \/><\/span><br style=\"color: #444444;\" \/><br style=\"color: #444444;\" \/><span style=\"color: #444444;\">Os m\u00e9dicos reclamam da falta de medicamentos, materiais e seguran\u00e7a, e exigem a regulariza\u00e7\u00e3o imediata do quantitativo das equipes de plantonistas que, segundo os profissionais, devem ser integradas por sete pediatras. O sindimed afirma, por meio de nota, que solicitou ao secret\u00e1rio de Sa\u00fade do Estado, Washington Couto, a veicula\u00e7\u00e3o da informa\u00e7\u00e3o para que os pacientes procurem<\/span><span style=\"color: #444444;\">\u00a0unidades de sa\u00fade p\u00fablicas e privadas durante a greve.<\/span><br style=\"color: #444444;\" \/><br style=\"color: #444444;\" \/><span style=\"color: #444444;\">A reportagem do Boc\u00e3o News tentou contactar o secret\u00e1rio para falar sobre a paralisa\u00e7\u00e3o anunciada, mas as liga\u00e7\u00f5es n\u00e3o foram atendidas. J\u00e1 a assessoria de comunica\u00e7\u00e3o do Hospital Geral Roberto Santos informou que est\u00e1 avaliando o caso e posteriormente emitir\u00e1 um comunicado.<\/span><\/p>\n","protected":false},"excerpt":{"rendered":"<p>Os m\u00e9dicos pediatras da emerg\u00eancia do Hospital Geral Roberto Santos devem entrar em greve no pr\u00f3ximo dia 23, ap\u00f3s decis\u00e3o tomada em assembleia na \u00faltima segunda-feira (8). Segundo o Sindicato dos M\u00e9dicos da Bahia, os motivos que levaram \u00e0 paralisa\u00e7\u00e3o s\u00e3o a &#8220;situa\u00e7\u00e3o cr\u00f4nica de sobrecarga de trabalho, com excesso de pacientes diante de equipes [&hellip;]<\/p>\n","protected":false},"author":2,"featured_media":0,"comment_status":"open","ping_status":"open","sticky":false,"template":"","format":"standard","meta":{"_links_to":"","_links_to_target":""},"categories":[6,1,7,12],"tags":[],"_links":{"self":[{"href":"https:\/\/www.blogdotarugao.com.br\/v1\/wp-json\/wp\/v2\/posts\/16152"}],"collection":[{"href":"https:\/\/www.blogdotarugao.com.br\/v1\/wp-json\/wp\/v2\/posts"}],"about":[{"href":"https:\/\/www.blogdotarugao.com.br\/v1\/wp-json\/wp\/v2\/types\/post"}],"author":[{"embeddable":true,"href":"https:\/\/www.blogdotarugao.com.br\/v1\/wp-json\/wp\/v2\/users\/2"}],"replies":[{"embeddable":true,"href":"https:\/\/www.blogdotarugao.com.br\/v1\/wp-json\/wp\/v2\/comments?post=16152"}],"version-history":[{"count":1,"href":"https:\/\/www.blogdotarugao.com.br\/v1\/wp-json\/wp\/v2\/posts\/16152\/revisions"}],"predecessor-version":[{"id":16153,"href":"https:\/\/www.blogdotarugao.com.br\/v1\/wp-json\/wp\/v2\/posts\/16152\/revisions\/16153"}],"wp:attachment":[{"href":"https:\/\/www.blogdotarugao.com.br\/v1\/wp-json\/wp\/v2\/media?parent=16152"}],"wp:term":[{"taxonomy":"category","embeddable":true,"href":"https:\/\/www.blogdotarugao.com.br\/v1\/wp-json\/wp\/v2\/categories?post=16152"},{"taxonomy":"post_tag","embeddable":true,"href":"https:\/\/www.blogdotarugao.com.br\/v1\/wp-json\/wp\/v2\/tags?post=16152"}],"curies":[{"name":"wp","href":"https:\/\/api.w.org\/{rel}","templated":true}]}}