{"id":16191,"date":"2014-09-12T21:26:23","date_gmt":"2014-09-13T00:26:23","guid":{"rendered":"http:\/\/www.blogdotarugao.com.br\/v1\/?p=16191"},"modified":"2014-09-12T21:30:04","modified_gmt":"2014-09-13T00:30:04","slug":"dilma-recua-de-63-para-47-no-nordeste-na-comparacao-com-2010","status":"publish","type":"post","link":"https:\/\/www.blogdotarugao.com.br\/v1\/2014\/09\/12\/dilma-recua-de-63-para-47-no-nordeste-na-comparacao-com-2010\/","title":{"rendered":"Dilma recua de 63% para 47% no Nordeste na compara\u00e7\u00e3o com 2010"},"content":{"rendered":"<p><em style=\"font-weight: inherit; font-style: italic;\"><strong style=\"font-weight: bold; font-style: inherit;\">Queda entre nordestinos p\u00f5e em risco chance de compensar pouco apoio\u00a0no Sudeste<\/strong><\/em><\/p>\n<p><em style=\"font-weight: inherit; font-style: italic;\"><strong style=\"font-weight: bold; font-style: inherit;\">Antes reduto do lulo-petismo, regi\u00e3o agora tem focos de resist\u00eancia ao PT<\/strong><\/em><\/p>\n<p><em style=\"font-weight: inherit; font-style: italic;\"><strong style=\"font-weight: bold; font-style: inherit;\">Pernambuco e Bahia ser\u00e3o locais in\u00f3spitos para o PT no 2\u00ba turno<\/strong><\/em><\/p>\n<p><em style=\"font-weight: inherit; font-style: italic;\"><strong style=\"font-weight: bold; font-style: inherit;\">Neste post, a lista completa com as 27 disputas para governador<\/strong><\/em><\/p>\n<p><img src=\"https:\/\/encrypted-tbn1.gstatic.com\/images?q=tbn:ANd9GcQ0PdXDHLMFdk0I6Yhb8laLFkWuw0zWxufgrG1x-CieI-YFg8yh\" alt=\"\" \/><\/p>\n<p>As pesquisas sobre inten\u00e7\u00e3o de voto para presidente e para governadores mostram que Dilma Rousseff enfrenta uma resist\u00eancia incomum no Nordeste, regi\u00e3o que h\u00e1 mais de uma d\u00e9cada havia se tornado um reduto eleitoral muito consolidado do PT.<\/p>\n<p>Quando se compara o desempenho de Dilma na regi\u00e3o Nordeste na pesquisa Datafolha de 8-9.set.2014 com outra realizada exatamente h\u00e1 4 anos, em 8-9.set.2010, nota-se que a petista perdeu 16 pontos percentuais nas suas inten\u00e7\u00f5es de voto: desceu de 63% para 47%.<\/p>\n<p>Vencer por larga margem no Nordeste e no Norte permitiu a Luiz In\u00e1cio Lula da Silva, em 2006, e a Dilma Rousseff, em 2010, terem desempenhos mais modestos em alguns Estados do Sul e do Sudeste.<\/p>\n<p>Por exemplo, Lula perdeu em S\u00e3o Paulo, Paran\u00e1, Santa Catarina e outros 3 Estados em 2006, mas sua ampla vota\u00e7\u00e3o no Nordeste (<a href=\"http:\/\/www1.folha.uol.com.br\/fsp\/especial\/fj3010200621.htm\" target=\"_blank\"><span style=\"font-weight: inherit; color: #0000ff;\">77% no 2\u00ba turno<\/span><\/a>) garantiu ao petista mais quatro anos no Planalto.<\/p>\n<p>A mesma f\u00f3rmula foi usada para Dilma. Em 2010, ela\u00a0<a href=\"http:\/\/eleicoes.uol.com.br\/2010\/raio-x\/2\/presidente\/votacao-por-estado\/\" target=\"_blank\"><span style=\"font-weight: inherit; color: #0000ff;\">perdeu em 11 unidades da Federa\u00e7\u00e3o<\/span><\/a>, principalmente no Sul e no Centro-Oeste, mas recebeu estrondosos 70,5% dos votos no Nordeste e foi eleita presidente.<\/p>\n<p>Agora, a equa\u00e7\u00e3o eleitoral petista apresenta alguns defeitos. Eis o quadro das inten\u00e7\u00f5es de voto presidencial por regi\u00e3o, em 2010 e 2014\u00a0<em style=\"font-weight: inherit; font-style: italic;\">(clique na imagem para ampliar)<\/em>:<\/p>\n<p><a href=\"http:\/\/imguol.com\/blogs\/52\/files\/2014\/09\/1-intencao-voto-presidente-regioes-2010-2014.jpg\" class=\"gallery_colorbox\"><img loading=\"lazy\" class=\"aligncenter  wp-image-10752\" style=\"font-weight: inherit; font-style: inherit;\" src=\"http:\/\/imguol.com\/blogs\/52\/files\/2014\/09\/1-intencao-voto-presidente-regioes-2010-2014.jpg\"  alt=\"Arte\" width=\"558\" height=\"214\" \/><\/a><br \/>\nComo se observa, Dilma est\u00e1 hoje pior em quase todas as regi\u00f5es. A exce\u00e7\u00e3o \u00e9, talvez, o Norte. N\u00e3o \u00e9 poss\u00edvel ter essa informa\u00e7\u00e3o com precis\u00e3o, pois o Datafolha divulgava os percentuais do Norte e do Centro-Oeste num mesmo grupo pesquisado nos levantamentos de 4 anos atr\u00e1s.<\/p>\n<p>Outro dado alarmante para Dilma Rousseff \u00e9 o fato de que deve haver 2\u00ba turno na disputa presidencial com um ambiente pouco amig\u00e1vel para o PT nos dois Estados mais relevantes do Nordeste \u2013Bahia e Pernambuco, respons\u00e1veis por 43% do eleitorado da regi\u00e3o.<\/p>\n<p>Na\u00a0<a href=\"http:\/\/download.uol.com.br\/fernandorodrigues\/pesquisas\/2014\/Bahia-Governador-1T.pdf\" target=\"_blank\"><span style=\"font-weight: inherit; color: #0000ff;\">Bahia<\/span><\/a>, Estado governado h\u00e1 8 anos pelo petista Jaques Wagner, o cen\u00e1rio \u00e9 de poss\u00edvel derrota para o candidato governista, Rui Costa (PT). Ele tem 24% das inten\u00e7\u00f5es de voto contra 46% de Paulo Souto (DEM). H\u00e1 sinais de vit\u00f3ria do demista no 1\u00ba turno.<\/p>\n<p>Se a disputa de governador na Bahia for liquidada no 1\u00ba turno, esse desfecho liberar\u00e1 todas as for\u00e7as anti-PT para descarregarem suas energias contra a reelei\u00e7\u00e3o de Dilma Rousseff no 2\u00ba turno. Esse movimento visar\u00e1 a neutralizar um pouco da alta popularidade do ex-presidente Luiz In\u00e1cio Lula da Silva no Estado.<\/p>\n<p>O mesmo cen\u00e1rio se repete em\u00a0<a href=\"http:\/\/download.uol.com.br\/fernandorodrigues\/pesquisas\/2014\/Pernambuco-Governador-1T.pdf\" target=\"_blank\"><span style=\"font-weight: inherit; color: #0000ff;\">Pernambuco<\/span><\/a>. O candidato Paulo C\u00e2mara (PSB) est\u00e1 em alta, com 39%, contra o nome apoiado pelo PT na disputa pelo governo local, Armando Monteiro (PTB), com 33%. Com ou sem 2\u00ba turno entre os pernambucanos, Dilma tende a enfrentar grande resist\u00eancia. Esse \u00e9 o Estado natal de Eduardo Campos (1965-2014), cujo grupo pol\u00edtico far\u00e1 tudo o que estiver ao seu alcance para impor uma derrota ao PT.<\/p>\n<p>S\u00f3 para lembrar, em 2010, Dilma Rousseff foi a mais votada no 1\u00ba e no 2\u00ba turnos na Bahia e em Pernambuco. Hoje, a situa\u00e7\u00e3o \u00e9 incerta, para dizer o m\u00ednimo.<\/p>\n<p>Em Pernambuco, Dilma tem hoje 38% das inten\u00e7\u00f5es de voto. Marina lidera entre os pernambucanos, com 45%. Na Bahia, Dilma est\u00e1 \u00e0 frente com 50%. Mas h\u00e1 4 anos, nesta mesma \u00e9poca da campanha presidencial, a petista tinha 67% em ambos os Estados.<\/p>\n<p>As pesquisas atuais mostram que o voto petista entre nordestinos \u00e9 hoje menor do que foi em 2010 todos os 9 Estados da regi\u00e3o. Eis um quadro com as inten\u00e7\u00f5es voto para presidente nessas localidades (clique na imagem para ampliar):<\/p>\n<p><a href=\"http:\/\/imguol.com\/blogs\/52\/files\/2014\/09\/2-disputa-presidencial-estados-Nordeste-2010-2014.jpg\" class=\"gallery_colorbox\"><img loading=\"lazy\" class=\"aligncenter  wp-image-10753\" style=\"font-weight: inherit; font-style: inherit;\" src=\"http:\/\/imguol.com\/blogs\/52\/files\/2014\/09\/2-disputa-presidencial-estados-Nordeste-2010-2014.jpg\"  alt=\"Arte\" width=\"562\" height=\"299\" \/><\/a><\/p>\n<p>O quadro acima ajuda a iluminar o que pode ser o cen\u00e1rio do 2\u00ba turno na disputa presidencial na regi\u00e3o Nordeste. Muitos governadores eleitos ou candidatos favoritos na segunda rodada de vota\u00e7\u00e3o tendem a fazer campanha contra Dilma Rousseff.<\/p>\n<p>Esse \u00e9 um ambiente novo para o PT. Em 2006 e 2010, a sigla sob o comando de Lula havia se acostumado a ter a ades\u00e3o autom\u00e1tica de quase todas as for\u00e7as pol\u00edticas mais relevantes no 2\u00ba turno da elei\u00e7\u00e3o presidencial no Nordeste.<\/p>\n<p>Mas esse n\u00e3o \u00e9 apenas um cen\u00e1rio nordestino. Fica mais f\u00e1cil entender o que se passa quando se observam todas as disputas de governadores nas 27 unidades da Federa\u00e7\u00e3o. O desejo de mudan\u00e7a segue forte, como mostra um levantamento atualizado do Blog: s\u00f3 3 dos 18 governadores que buscam reelei\u00e7\u00e3o seriam vitoriosos hoje em 1\u00ba turno.<\/p>\n<p>O desejo de mudan\u00e7a nos Estados atinge tamb\u00e9m o PSB, partido da presidenci\u00e1vel Marina Silva. Os pessebistas t\u00eam 4 governadores candidatos \u00e0 reelei\u00e7\u00e3o, mas nenhum \u00e9 l\u00edder isolado. No Esp\u00edrito Santo e na Para\u00edba, hoje comandados pela sigla, os candidato da oposi\u00e7\u00e3o hoje venceriam no 1\u00ba turno, segundo as pesquisas dispon\u00edveis.<\/p>\n<p>Apenas em 12 Estados a elei\u00e7\u00e3o deve terminar em turno \u00fanico, no dia 5 de outubro. Ou seja, ser\u00e1 uma das mais duras disputas em d\u00e9cadas.<\/p>\n<p>Eis como est\u00e1 a disputa nas 27 unidades da Federa\u00e7\u00e3o, segundo as \u00faltimas pesquisas dispon\u00edveis:<\/p>\n<p><a href=\"http:\/\/imguol.com\/blogs\/52\/files\/2014\/09\/tabelao12setV3.png\" class=\"gallery_colorbox\"><img loading=\"lazy\" class=\"aligncenter  wp-image-10766\" style=\"font-weight: inherit; font-style: inherit;\" src=\"http:\/\/imguol.com\/blogs\/52\/files\/2014\/09\/tabelao12setV3.png\"  alt=\"Arte\" width=\"569\" height=\"1108\" \/><\/a><\/p>\n<p>Observado o cen\u00e1rio geral, nota-se que o desfecho da corrida presidencial segue incerto. Com os dados dispon\u00edveis no momento, h\u00e1 argumentos respeit\u00e1veis que podem indicar tanto uma poss\u00edvel vit\u00f3ria da oposicionista Marina Silva como o sucesso da governista Dilma Rousseff.<!--more--><\/p>\n<p>A favor da petista h\u00e1 o fato de que sua trajet\u00f3ria, no agregado nacional das pesquisas, indica uma ligeira tend\u00eancia de recupera\u00e7\u00e3o (na margem de erro do levantamento). Dilma no momento voltou a ficar empatada tecnicamente com sua principal advers\u00e1ria na disputa, Marina, conforme mostra o\u00a0<a href=\"http:\/\/www1.folha.uol.com.br\/poder\/2014\/09\/1514132-dilma-oscila-para-cima-e-empata-com-marina-no-2-turno-mostra-datafolha.shtml\" target=\"_blank\"><span style=\"font-weight: inherit; color: #0000ff;\">levantamento do Datafolha dos dias 8-9.set.2014<\/span><\/a>.<\/p>\n<p>Essa modesta melhora no quadro para Dilma parece ter sido resultado do intenso bombardeio que ela e A\u00e9cio Neves (PSDB) desfecharam contra Marina. Foram duas semanas de tentativa de desconstru\u00e7\u00e3o do marinisno, o que resultou num\u00a0<a href=\"http:\/\/www1.folha.uol.com.br\/poder\/2014\/09\/1514223-analise-reprovacao-a-marina-atinge-indice-mais-alto-ate-hoje.shtml\" target=\"_blank\"><span style=\"font-weight: inherit; color: #0000ff;\">aumento da rejei\u00e7\u00e3o da candidata do PSB<\/span><\/a>.<\/p>\n<p>A expectativa do PT \u00e9 que esse processo chamado de \u201cdesconstruindo Marina\u201d ainda esteja em andamento nas mentes dos eleitores. No limite, poder\u00e1 resultar numa candidata pessebista desidratada no in\u00edcio do 2\u00ba turno, sem for\u00e7as para reagir.<\/p>\n<p>Ainda dentro do argumento favor\u00e1vel a Dilma, a petista tem a m\u00e1quina do governo a seu favor. S\u00f3 em Bras\u00edlia, s\u00e3o mais de 20 mil cargos ocupados por pessoas aflitas com a possibilidade de derrota \u2013e da consequ\u00eancia imediata: terem de pedir emprego em prefeituras ou sindicatos ligados \u00e0 CUT pelo pa\u00eds afora. V\u00e3o trabalhar como nunca para ficarem onde est\u00e3o, reelegendo Dilma.<\/p>\n<p>No 2\u00ba turno, o PT tamb\u00e9m ter\u00e1 o esfor\u00e7o extra de Lula para recuperar o terreno perdido no Nordeste, onde o ex-presidente \u00e9 muito cultuado e popular. E, por fim, a equipe de marketing contratada pelo PT tem larga experi\u00eancia em disputas apertadas \u2013Jo\u00e3o Santana, o marqueteiro, ajudou o partido nas campanhas eleitorais logo depois do esc\u00e2ndalo do mensal\u00e3o.<\/p>\n<p>No extremo oposto desse argumento sobre as chances de Dilma h\u00e1 um racioc\u00ednio tamb\u00e9m consistente a respeito da possibilidade de vit\u00f3ria de Marina.<\/p>\n<p>Para come\u00e7ar, uma pergunta: se tudo o que PT e PSDB fizeram em quase duas semanas resultou na perda de apenas 2 ou 3 pontos percentuais de inten\u00e7\u00e3o de voto de Marina Silva, isso significa que a candidata do PSB est\u00e1 s\u00f3lida no patamar dos 30%, certo? Ou mais: n\u00e3o adianta bater como est\u00e3o batendo, pois n\u00e3o vai colar esse tipo de cr\u00edtica em Marina.<\/p>\n<p>Uma das raz\u00f5es para essa esp\u00e9cie de \u201cefeito teflon\u201d que reveste Marina \u00e9 o vento de mudan\u00e7as que atinge o pa\u00eds, com os eleitores falando em mudar a pol\u00edtica. A candidata do PSB \u00e9 a que mais incorpora esse sentimento difuso.<\/p>\n<p>Ondas na pol\u00edtica t\u00eam pouco apelo racional. \u00c9 quase tudo emo\u00e7\u00e3o \u2013e os comerciais petistas contra o PSB tenderiam a ser desprezados, em grande medida, at\u00e9 o final do processo eleitoral.<\/p>\n<p>E quando chegar o 2\u00ba turno, como demonstram as pesquisas, h\u00e1 uma tend\u00eancia natural de muitos eleitores do PSDB \u2013a maioria\u2013 migrarem para Marina Silva. Nessa fase da campanha os tempos de r\u00e1dio e de TV s\u00e3o iguais para as duas candidaturas finalistas. Acaba a preponder\u00e2ncia que se v\u00ea hoje, com o PT ocupando um latif\u00fandio no hor\u00e1rio eleitoral.<\/p>\n<p>Tudo considerado, n\u00e3o h\u00e1 como fazer uma previs\u00e3o cient\u00edfica sobre qual ser\u00e1 o desfecho da elei\u00e7\u00e3o presidencial. O que \u00e9 poss\u00edvel \u00e9 expor o que mostram as pesquisas e seus diversos cruzamentos \u2013como tentou detalhar este post.<\/p>\n<p>Este Blog mant\u00e9m a mais completa<span class=\"Apple-converted-space\" style=\"font-weight: inherit; font-style: inherit;\">\u00a0<\/span><a style=\"color: #000000;\" href=\"http:\/\/noticias.uol.com.br\/politica\/pesquisas\/\" target=\"_blank\"><span style=\"font-weight: inherit; font-style: inherit; color: #0000ff;\">p\u00e1gina de pesquisas eleitorais<\/span><\/a><span class=\"Apple-converted-space\" style=\"font-weight: inherit; font-style: inherit;\">\u00a0<\/span>da internet brasileira, com levantamentos de todos os institutos desde o ano 2000. \u00c9 poss\u00edvel consultar os cen\u00e1rios do<span class=\"Apple-converted-space\" style=\"font-weight: inherit; font-style: inherit;\">\u00a0<\/span><a style=\"color: #000000;\" href=\"http:\/\/noticias.uol.com.br\/politica\/ultimas-noticias\/2014\/04\/22\/2014-pesquisas-eleitorais---1-turno.htm\" target=\"_blank\"><span style=\"font-weight: inherit; font-style: inherit; color: #0000ff;\">1\u00ba turno de 2014<span class=\"Apple-converted-space\" style=\"font-weight: inherit;\">\u00a0<\/span><\/span><\/a>para as disputas de<span class=\"Apple-converted-space\" style=\"font-weight: inherit;\">\u00a0<\/span><a style=\"color: #000000;\" href=\"http:\/\/download.uol.com.br\/fernandorodrigues\/pesquisas\/2014\/Brasil-Presidente-1T.pdf\" target=\"_blank\"><span style=\"font-weight: inherit; font-style: inherit; color: #0000ff;\">presidente<\/span><\/a>,<a style=\"color: #000000;\" href=\"http:\/\/noticias.uol.com.br\/politica\/ultimas-noticias\/2014\/04\/23\/2014---pesquisas-eleitorais---governador---1-turno.htm\" target=\"_blank\"><span style=\"font-weight: inherit; font-style: inherit; color: #0000ff;\">governador<\/span><\/a><span class=\"Apple-converted-space\" style=\"font-weight: inherit; font-style: inherit;\">\u00a0<\/span>e<span class=\"Apple-converted-space\" style=\"font-weight: inherit; font-style: inherit;\">\u00a0<\/span><a style=\"color: #000000;\" href=\"http:\/\/noticias.uol.com.br\/politica\/ultimas-noticias\/2014\/04\/23\/2014-pesquisas-eleitorais---senador---1-turno.htm\" target=\"_blank\"><span style=\"font-weight: inherit; font-style: inherit; color: #0000ff;\">senador<\/span><\/a><span class=\"Apple-converted-space\" style=\"font-weight: inherit;\">\u00a0<\/span>e do<span class=\"Apple-converted-space\" style=\"font-weight: inherit;\">\u00a0<\/span><a style=\"color: #000000;\" href=\"http:\/\/noticias.uol.com.br\/politica\/ultimas-noticias\/2014\/04\/22\/2014-pesquisas-eleitorais---2-turno.htm\" target=\"_blank\"><span style=\"font-weight: inherit; font-style: inherit; color: #0000ff;\">2\u00b0 turno de 2014<span class=\"Apple-converted-space\" style=\"font-weight: inherit;\">\u00a0<\/span><\/span><\/a>para<span class=\"Apple-converted-space\" style=\"font-weight: inherit;\">\u00a0<\/span><a style=\"color: #000000;\" href=\"http:\/\/click.uol.com.br\/?rf=politica_geramodulo-lista&amp;u=http:\/\/download.uol.com.br\/fernandorodrigues\/pesquisas\/2014\/Brasil-Presidente-2T.pdf\" target=\"_blank\"><span style=\"font-weight: inherit; font-style: inherit; color: #0000ff;\">presidente<span class=\"Apple-converted-space\" style=\"font-weight: inherit;\">\u00a0<\/span><\/span><\/a>e<span class=\"Apple-converted-space\" style=\"font-weight: inherit;\">\u00a0<\/span><a style=\"color: #000000;\" href=\"http:\/\/noticias.uol.com.br\/politica\/ultimas-noticias\/2014\/04\/24\/2014-pesquisas-eleitorais--governador--2-turno.htm\" target=\"_blank\"><span style=\"font-weight: inherit; font-style: inherit; color: #0000ff;\">governador<\/span><\/a>.<\/p>\n<p><strong style=\"font-weight: bold; font-style: inherit;\">Fontes e observa\u00e7\u00f5es sobre a tabela das 27 disputas de governadores<\/strong><br \/>\n<strong style=\"font-weight: bold; font-style: inherit;\">Coloca\u00e7\u00e3o dos candidatos:<\/strong>\u00a0esta tabela reflete a posi\u00e7\u00e3o de cada candidato do ponto de vista num\u00e9rico em que aparecem nas pesquisas. Em alguns casos, esse posicionamento n\u00e3o significa que quem est\u00e1 numericamente em primeiro lugar ocupa de forma isolada essa posi\u00e7\u00e3o, pois deve ser considerada a margem de erro da pesquisa;<br \/>\n<strong style=\"font-weight: bold; font-style: inherit;\">Candidatos ocultos:<\/strong>\u00a0para uma visualiza\u00e7\u00e3o mais clara, nem todos os candidatos nas disputas estaduais est\u00e3o colocados nesta tabela, que \u00e9 apenas uma compila\u00e7\u00e3o anal\u00edtica. Todos os candidatos e suas respectivas pontua\u00e7\u00f5es podem ser vistos nas tabelas completas na\u00a0<a href=\"http:\/\/noticias.uol.com.br\/politica\/pesquisas\/\" target=\"_blank\"><span style=\"font-weight: inherit; color: #0000ff;\">p\u00e1gina de pesquisas<\/span><\/a>\u00a0deste Blog;<br \/>\n<strong style=\"font-weight: bold; font-style: inherit;\">Pesquisas:<\/strong>\u00a0s\u00e3o usadas aqui as \u00faltimas pesquisas dispon\u00edveis, desde que estejam devidamente registradas na Justi\u00e7a Eleitoral;<br \/>\n<strong style=\"font-weight: bold; font-style: inherit;\">Metodologia compilada:<\/strong>\u00a0essa coluna cont\u00e9m, pela ordem, o nome do instituto que fez a pesquisa, a data em que foi aplicado o formul\u00e1rio e a margem de erro do levantamento em pontos percentuais;<br \/>\n<strong style=\"font-weight: bold; font-style: inherit;\">Eleitorado:<\/strong>\u00a0fornecido pelo TSE (abril de 2014).<\/p>\n","protected":false},"excerpt":{"rendered":"<p>Queda entre nordestinos p\u00f5e em risco chance de compensar pouco apoio\u00a0no Sudeste Antes reduto do lulo-petismo, regi\u00e3o agora tem focos de resist\u00eancia ao PT Pernambuco e Bahia ser\u00e3o locais in\u00f3spitos para o PT no 2\u00ba turno Neste post, a lista completa com as 27 disputas para governador As pesquisas sobre inten\u00e7\u00e3o de voto para presidente [&hellip;]<\/p>\n","protected":false},"author":2,"featured_media":0,"comment_status":"open","ping_status":"open","sticky":false,"template":"","format":"standard","meta":{"_links_to":"","_links_to_target":""},"categories":[29,1,7],"tags":[],"_links":{"self":[{"href":"https:\/\/www.blogdotarugao.com.br\/v1\/wp-json\/wp\/v2\/posts\/16191"}],"collection":[{"href":"https:\/\/www.blogdotarugao.com.br\/v1\/wp-json\/wp\/v2\/posts"}],"about":[{"href":"https:\/\/www.blogdotarugao.com.br\/v1\/wp-json\/wp\/v2\/types\/post"}],"author":[{"embeddable":true,"href":"https:\/\/www.blogdotarugao.com.br\/v1\/wp-json\/wp\/v2\/users\/2"}],"replies":[{"embeddable":true,"href":"https:\/\/www.blogdotarugao.com.br\/v1\/wp-json\/wp\/v2\/comments?post=16191"}],"version-history":[{"count":4,"href":"https:\/\/www.blogdotarugao.com.br\/v1\/wp-json\/wp\/v2\/posts\/16191\/revisions"}],"predecessor-version":[{"id":16195,"href":"https:\/\/www.blogdotarugao.com.br\/v1\/wp-json\/wp\/v2\/posts\/16191\/revisions\/16195"}],"wp:attachment":[{"href":"https:\/\/www.blogdotarugao.com.br\/v1\/wp-json\/wp\/v2\/media?parent=16191"}],"wp:term":[{"taxonomy":"category","embeddable":true,"href":"https:\/\/www.blogdotarugao.com.br\/v1\/wp-json\/wp\/v2\/categories?post=16191"},{"taxonomy":"post_tag","embeddable":true,"href":"https:\/\/www.blogdotarugao.com.br\/v1\/wp-json\/wp\/v2\/tags?post=16191"}],"curies":[{"name":"wp","href":"https:\/\/api.w.org\/{rel}","templated":true}]}}