{"id":16371,"date":"2014-09-16T15:39:02","date_gmt":"2014-09-16T18:39:02","guid":{"rendered":"http:\/\/www.blogdotarugao.com.br\/v1\/?p=16371"},"modified":"2014-09-16T15:39:02","modified_gmt":"2014-09-16T18:39:02","slug":"reeleicao-e-a-mae-de-todas-as-corrupcoes-diz-barbosa","status":"publish","type":"post","link":"https:\/\/www.blogdotarugao.com.br\/v1\/2014\/09\/16\/reeleicao-e-a-mae-de-todas-as-corrupcoes-diz-barbosa\/","title":{"rendered":"Reelei\u00e7\u00e3o \u00e9 &#8220;a m\u00e3e de todas as corrup\u00e7\u00f5es&#8221;, diz Barbosa"},"content":{"rendered":"<div class=\"imagem-representativa imagem-300x300\">\n<ul style=\"font-weight: inherit; font-style: inherit;\">\n<li style=\"font-weight: inherit; font-style: inherit;\"><img loading=\"lazy\" class=\"imagem\" style=\"font-weight: inherit; font-style: inherit;\" title=\"Reprodu\u00e7\u00e3o\/Facebook\" src=\"http:\/\/imguol.com\/c\/noticias\/2014\/09\/16\/16set2014---o-ex-presidente-do-stf-supremo-tribunal-federal-joaquim-barbosa-participa-na-manha-desta-terca-feira-16-em-sao-paulo-no-13-congresso-internacional-de-shopping-centers-de-primeira-1410881922187_300x300.jpg\" alt=\"Joaquim Barbosa d\u00e1 sua primeira palestra ap\u00f3s deixar o Supremo\" width=\"300\" height=\"300\" \/>\n<p style=\"font-weight: bold; font-style: inherit;\">Joaquim Barbosa d\u00e1 sua primeira palestra ap\u00f3s deixar o Supremo<\/p>\n<\/li>\n<\/ul>\n<\/div>\n<p>Na primeira palestra ap\u00f3s ter se aposentado, o ex-presidente do STF (Supremo Tribunal Federal) Joaquim Barbosa fez duras cr\u00edticas \u00e0 reelei\u00e7\u00e3o para cargos executivos no Brasil.<\/p>\n<p>&#8220;A possibilidade real de mudan\u00e7a peri\u00f3dica dos agentes pol\u00edticos, com o voto universal e livre, \u00e9 um elemento essencial de frenagem e de calibra\u00e7\u00e3o democr\u00e1tica, mas essa possibilidade real de mudan\u00e7a peri\u00f3dica fica prejudicada quando se tem o instituto da reelei\u00e7\u00e3o para os cargos executivos&#8221;, disse o ex-ministro.<\/p>\n<p>A palestra foi dada na manh\u00e3 desta ter\u00e7a-feira (16), em S\u00e3o Paulo, no 13\u00ba Congresso Internacional de Shopping Centers, evento organizado pela Abrasce, entidade representativa dos shoppings do Brasil.<\/p>\n<p>Sem citar casos concretos, Barbosa afirmou que \u00e9 necess\u00e1rio acabar com a reelei\u00e7\u00e3o, tratada por ele como a &#8220;m\u00e3e de todas as corrup\u00e7\u00f5es&#8221; nos pa\u00edses em que as institui\u00e7\u00f5es ainda n\u00e3o est\u00e3o consolidadas. &#8220;Ressalto veementemente que estou falando em termos puramente hipot\u00e9ticos, sem nenhuma rela\u00e7\u00e3o a qualquer caso concreto da atualidade&#8221;, afirmou Barbosa.<\/p>\n<p>&#8220;Em pa\u00edses ainda em fase de consolida\u00e7\u00e3o institucional, ou que tenham institui\u00e7\u00f5es d\u00e9beis, a reelei\u00e7\u00e3o funciona como o carro-chefe, a m\u00e3e de todas as corrup\u00e7\u00f5es de toda a esp\u00e9cie. Ela condiciona tudo: de projetos essenciais \u00e0 coletividade \u00e0 pauta di\u00e1ria do governo e at\u00e9 mesmo a projetos individuais e pessoais daqueles que se associam ao governante que busca se manter perene no poder&#8221;, disse o ex-ministro, que foi o relator do caso do mensal\u00e3o no Supremo.<\/p>\n<p>No julgamento, ele foi protagonista de uma s\u00e9rie de pol\u00eamicas com outros ministros. Barbosa aposentou-se em 1\u00ba de julho, ap\u00f3s 11 anos na Corte.<\/p>\n<p>Para Barbosa, o instituto da reelei\u00e7\u00e3o favorece o &#8220;toma l\u00e1 da c\u00e1&#8221; entre o Executivo e o Legislativo. &#8220;Consiste em concess\u00f5es reciprocas nas mat\u00e9rias submetidas \u00e0 aprova\u00e7\u00e3o legislativa ou executiva. \u00c9 o nosso toma-l\u00e1-da-c\u00e1.&#8221;<\/p>\n<p>O ex-presidente do Supremo afirmou tamb\u00e9m que o os mandatos no Executivo tem de durar cinco anos e defendeu o voto distrital para representantes do Legislativo em contraposi\u00e7\u00e3o ao modelo atual. &#8220;A grande vantagem \u00e9 voc\u00ea saber em quem est\u00e1 votando.&#8221;<\/p>\n<div class=\"modalbumfotos modulos carregado\">\n<div class=\"conteudo\" style=\"font-weight: inherit; font-style: inherit;\">\n<div id=\"albumHTML1\" style=\"font-weight: inherit; font-style: inherit;\"><a id=\"btVerAlbumMaior1\" class=\"btAlbum\" style=\"font-weight: normal !important; font-style: normal !important; color: #ffffff;\" title=\"Acesse o \u00c1lbum\" href=\"http:\/\/noticias.uol.com.br\/album\/2014\/05\/29\/relembre-os-bate-bocas-de-joaquim-barbosa-com-colegas-do-stf.htm#fotoNav=4\">Ampliar<\/a><\/p>\n<div id=\"boxFullImage1\" class=\"boxFullImage \" style=\"font-weight: inherit; font-style: inherit;\">\n<div id=\"fullImage1\" class=\"carregado fullImage\" style=\"font-weight: inherit; font-style: inherit;\">\n<div id=\"fullImageCenter1\" class=\"img-box\" style=\"font-weight: inherit; font-style: inherit;\" align=\"center\"><img loading=\"lazy\" id=\"fullImageSrc1\" class=\"fullImageSrc\" style=\"font-weight: inherit; font-style: inherit;\" src=\"http:\/\/imguol.com\/2012\/08\/02\/2ago2012---o-ministro-joaquim-barbosa-relator-do-processo-do-mensalao-ao-lado-dos-colegas-gilmar-mendes-e-carmen-lucia-comecou-nesta-quinta-feira-2-no-supremo-tribunal-federal-stf-em-brasilia-o-1343935219282_956x500.jpg\" alt=\"\" width=\"795\" height=\"416\" border=\"0\" \/><\/div>\n<\/div>\n<\/div>\n<\/div>\n<\/div>\n<\/div>\n<h3 style=\"font-weight: bold;\">Campanhas &#8220;longas&#8221; e caras<\/h3>\n<p><!--more--><\/p>\n<p>O ex-ministro provocou risos da plateia ao criticar o tempo de dura\u00e7\u00e3o e os gastos das campanhas eleitorais. &#8220;H\u00e1 necessidade de campanhas t\u00e3o longas? N\u00e3o poderiam ser reduzidas pela metade, sem televis\u00e3o? O que encarece as campanhas s\u00e3o os custos de produ\u00e7\u00e3o dos programas, do marketing eleitoral. N\u00e3o vejo a necessidade de uma campanha durar tr\u00eas meses. Somos obrigados a se submeter a essa cacofonia durante meses.&#8221;<\/p>\n<p>O discurso de Barbosa durou quase uma hora. O ex-ministro fez cr\u00edticas ao excesso de impostos e atribuiu a exist\u00eancia do &#8220;jeitinho brasileiro&#8221; \u00e0s falhas do sistema tribut\u00e1rio e a fragilidades institucionais. Em v\u00e1rios momentos, o magistrado apontou a desigualdade como um dos piores problemas do pa\u00eds e elegeu a melhoria da educa\u00e7\u00e3o como caminho para reduzi-la.<\/p>\n<p>Ainda assim, o ex-ministro se disse muito &#8220;otimista&#8221; com o momento atual do pa\u00eds, comparando as circunst\u00e2ncias de hoje com as que viveu na inf\u00e2ncia e adolesc\u00eancia.<\/p>\n<p>&#8220;Vivo em uma das mais vibrantes democracias do nosso planeta&#8221;, disse. &#8220;N\u00e3o obstante todas as nossas mazelas, hoje o Brasil figura entre as sete ou oito economias do mundo. Obtivemos avan\u00e7os tecnol\u00f3gicos importantes. Grandes empresas brasileiras tornaram-se players econ\u00f4micos internacionais. Fabricamos avi\u00f5es, bens dur\u00e1veis, somos exportadores de alimentos&#8221;, afirmou Barbosa.<\/p>\n<h3 style=\"font-weight: bold;\">Futuro e elei\u00e7\u00f5es<\/h3>\n<p>Ao responder a uma pergunta enviada por escrito por algu\u00e9m da plateia, cujo autor questionava o que &#8220;precisaria ser feito&#8221; para que ele retornasse \u00e0 vida p\u00fablica e a qual partido ele poderia se filiar, Barbosa foi ir\u00f4nico: &#8220;Voc\u00eas tem muito pouco a fazer [para eu voltar \u00e0 vida p\u00fablica]. Est\u00e1 t\u00e3o bom aqui fora. Estou come\u00e7ando a gostar. Bem melhor, n\u00e9? Quanto a partido, acho que n\u00e3o escolheria nenhum&#8221;.<\/p>\n<p>Na sa\u00edda do evento, Barbosa recusou-se a declarar seu voto e a comentar a disputa eleitoral, com o argumento de que n\u00e3o est\u00e1 acompanhando-a. &#8220;N\u00e3o quero falar sobre a disputa eleitoral. N\u00e3o estou vendo, n\u00e3o vejo, n\u00e3o vi nenhum debate. Eu n\u00e3o estava no Brasil. Cheguei na semana passada. N\u00e3o quero falar nesse momento, n\u00e3o tenho nenhuma inten\u00e7\u00e3o de influenciar o debate eleitoral.&#8221;<\/p>\n<p>Sobre as expectativas para 2015, o ex-ministro afirmou que o ano que vem marcar\u00e1 o &#8220;in\u00edcio de nova jornada&#8221;. &#8220;Novos governantes, reformas que certamente dever\u00e3o ser feitas especialmente no campo econ\u00f4mico.&#8221;<\/p>\n","protected":false},"excerpt":{"rendered":"<p>Joaquim Barbosa d\u00e1 sua primeira palestra ap\u00f3s deixar o Supremo Na primeira palestra ap\u00f3s ter se aposentado, o ex-presidente do STF (Supremo Tribunal Federal) Joaquim Barbosa fez duras cr\u00edticas \u00e0 reelei\u00e7\u00e3o para cargos executivos no Brasil. &#8220;A possibilidade real de mudan\u00e7a peri\u00f3dica dos agentes pol\u00edticos, com o voto universal e livre, \u00e9 um elemento essencial [&hellip;]<\/p>\n","protected":false},"author":2,"featured_media":0,"comment_status":"open","ping_status":"open","sticky":false,"template":"","format":"standard","meta":{"_links_to":"","_links_to_target":""},"categories":[21,29,1,7],"tags":[],"_links":{"self":[{"href":"https:\/\/www.blogdotarugao.com.br\/v1\/wp-json\/wp\/v2\/posts\/16371"}],"collection":[{"href":"https:\/\/www.blogdotarugao.com.br\/v1\/wp-json\/wp\/v2\/posts"}],"about":[{"href":"https:\/\/www.blogdotarugao.com.br\/v1\/wp-json\/wp\/v2\/types\/post"}],"author":[{"embeddable":true,"href":"https:\/\/www.blogdotarugao.com.br\/v1\/wp-json\/wp\/v2\/users\/2"}],"replies":[{"embeddable":true,"href":"https:\/\/www.blogdotarugao.com.br\/v1\/wp-json\/wp\/v2\/comments?post=16371"}],"version-history":[{"count":1,"href":"https:\/\/www.blogdotarugao.com.br\/v1\/wp-json\/wp\/v2\/posts\/16371\/revisions"}],"predecessor-version":[{"id":16372,"href":"https:\/\/www.blogdotarugao.com.br\/v1\/wp-json\/wp\/v2\/posts\/16371\/revisions\/16372"}],"wp:attachment":[{"href":"https:\/\/www.blogdotarugao.com.br\/v1\/wp-json\/wp\/v2\/media?parent=16371"}],"wp:term":[{"taxonomy":"category","embeddable":true,"href":"https:\/\/www.blogdotarugao.com.br\/v1\/wp-json\/wp\/v2\/categories?post=16371"},{"taxonomy":"post_tag","embeddable":true,"href":"https:\/\/www.blogdotarugao.com.br\/v1\/wp-json\/wp\/v2\/tags?post=16371"}],"curies":[{"name":"wp","href":"https:\/\/api.w.org\/{rel}","templated":true}]}}