{"id":16467,"date":"2014-09-18T07:32:34","date_gmt":"2014-09-18T10:32:34","guid":{"rendered":"http:\/\/www.blogdotarugao.com.br\/v1\/?p=16467"},"modified":"2014-09-18T07:32:34","modified_gmt":"2014-09-18T10:32:34","slug":"souto-promete-comprar-leitos-da-rede-filantropica-e-privada-para-ampliar-atendimento-medico","status":"publish","type":"post","link":"https:\/\/www.blogdotarugao.com.br\/v1\/2014\/09\/18\/souto-promete-comprar-leitos-da-rede-filantropica-e-privada-para-ampliar-atendimento-medico\/","title":{"rendered":"Souto promete comprar leitos da rede filantr\u00f3pica e privada para ampliar atendimento m\u00e9dico"},"content":{"rendered":"<div class=\"align-center\" style=\"color: #000000;\">\n<div class=\"imgNoticia clear\"><img title=\"Souto promete comprar leitos da rede filantr\u00f3pica e privada para ampliar atendimento m\u00e9dico\" src=\"http:\/\/www.bahianoticias.com.br\/fotos\/principal_noticias\/160486\/xIMAGEM_NOTICIA_5.jpg.pagespeed.ic.Q1eo5oaO_j.jpg\" alt=\"Souto promete comprar leitos da rede filantr\u00f3pica e privada para ampliar atendimento m\u00e9dico\" \/><\/p>\n<div class=\"tooltip-text\" style=\"font-weight: bold; color: #ffffff;\">Foto: Valter Pontes\/Cooperphoto\/Divulga\u00e7\u00e3o<\/div>\n<\/div>\n<\/div>\n<div class=\"editor clear\" style=\"color: #444444;\">\n<div id=\"cke_pastebin\">O candidato ao governo do Estado pela coliga\u00e7\u00e3o \u201cUnidos pela Bahia\u201d, Paulo Souto (DEM), prometeu nesta quarta-feira (17) comprar leitos nas redes filantr\u00f3picas e privadas de atendimento \u00e0 sa\u00fade para atender a demanda de pacientes. \u201cMais cinco novos hospitais regionais, policl\u00ednicas e o agendamento de consultas, exames e cirurgias com prazos m\u00e1ximos que n\u00e3o ponham em risco \u00e0 sa\u00fade, s\u00e3o outras medidas que pretendemos adotar para o povo baiano ter um atendimento digno\u201d, defendeu o democrata, que classificou a atual situa\u00e7\u00e3o do setor como \u201cvexat\u00f3ria\u201d. As propostas foram feitas durante carreata em Pernambu\u00e9s e Cabula, com a presen\u00e7a do prefeito ACM Neto. O postulante tamb\u00e9m afirmou que 12% da popula\u00e7\u00e3o baiana tem acesso a planos de sa\u00fade. \u201cVamos reorganizar as unidades hospitalares, melhorando a efici\u00eancia com a ocupa\u00e7\u00e3o das \u00e1reas ociosas com novos servi\u00e7os e procedimentos\u201d, garantiu.<\/div>\n<\/div>\n","protected":false},"excerpt":{"rendered":"<p>Foto: Valter Pontes\/Cooperphoto\/Divulga\u00e7\u00e3o O candidato ao governo do Estado pela coliga\u00e7\u00e3o \u201cUnidos pela Bahia\u201d, Paulo Souto (DEM), prometeu nesta quarta-feira (17) comprar leitos nas redes filantr\u00f3picas e privadas de atendimento \u00e0 sa\u00fade para atender a demanda de pacientes. \u201cMais cinco novos hospitais regionais, policl\u00ednicas e o agendamento de consultas, exames e cirurgias com prazos m\u00e1ximos [&hellip;]<\/p>\n","protected":false},"author":2,"featured_media":0,"comment_status":"open","ping_status":"open","sticky":false,"template":"","format":"standard","meta":{"_links_to":"","_links_to_target":""},"categories":[6,29,1,7],"tags":[],"_links":{"self":[{"href":"https:\/\/www.blogdotarugao.com.br\/v1\/wp-json\/wp\/v2\/posts\/16467"}],"collection":[{"href":"https:\/\/www.blogdotarugao.com.br\/v1\/wp-json\/wp\/v2\/posts"}],"about":[{"href":"https:\/\/www.blogdotarugao.com.br\/v1\/wp-json\/wp\/v2\/types\/post"}],"author":[{"embeddable":true,"href":"https:\/\/www.blogdotarugao.com.br\/v1\/wp-json\/wp\/v2\/users\/2"}],"replies":[{"embeddable":true,"href":"https:\/\/www.blogdotarugao.com.br\/v1\/wp-json\/wp\/v2\/comments?post=16467"}],"version-history":[{"count":1,"href":"https:\/\/www.blogdotarugao.com.br\/v1\/wp-json\/wp\/v2\/posts\/16467\/revisions"}],"predecessor-version":[{"id":16468,"href":"https:\/\/www.blogdotarugao.com.br\/v1\/wp-json\/wp\/v2\/posts\/16467\/revisions\/16468"}],"wp:attachment":[{"href":"https:\/\/www.blogdotarugao.com.br\/v1\/wp-json\/wp\/v2\/media?parent=16467"}],"wp:term":[{"taxonomy":"category","embeddable":true,"href":"https:\/\/www.blogdotarugao.com.br\/v1\/wp-json\/wp\/v2\/categories?post=16467"},{"taxonomy":"post_tag","embeddable":true,"href":"https:\/\/www.blogdotarugao.com.br\/v1\/wp-json\/wp\/v2\/tags?post=16467"}],"curies":[{"name":"wp","href":"https:\/\/api.w.org\/{rel}","templated":true}]}}