{"id":1654,"date":"2013-12-19T06:56:40","date_gmt":"2013-12-19T09:56:40","guid":{"rendered":"http:\/\/www.blogdotarugao.com.br\/v1\/?p=1654"},"modified":"2013-12-19T06:56:40","modified_gmt":"2013-12-19T09:56:40","slug":"iuiu-prefeito-nao-repassa-verba-e-camara-tem-luz-cortada-vereadores-querem-prisao-do-gestor","status":"publish","type":"post","link":"https:\/\/www.blogdotarugao.com.br\/v1\/2013\/12\/19\/iuiu-prefeito-nao-repassa-verba-e-camara-tem-luz-cortada-vereadores-querem-prisao-do-gestor\/","title":{"rendered":"Iui\u00fa: Prefeito n\u00e3o repassa verba e C\u00e2mara tem luz cortada; vereadores querem pris\u00e3o do gestor"},"content":{"rendered":"<p><strong><img alt=\"\" src=\"http:\/\/www.bahianoticias.com.br\/ckfinder\/userfiles\/images\/245x280xiuiu.jpg.pagespeed.ic.Dmu1nnpMM6.jpg\" \/><\/strong><\/p>\n<p><strong>A C\u00e2mara Municipal de Iui\u00fa, no sudoeste do estado, n\u00e3o anda nos seus melhores dias. O prefeito local, segundo den\u00fancia enviada ao Bahia Not\u00edcias, n\u00e3o repassou o duod\u00e9cimo do m\u00eas de novembro de 2013, no valor de R$ 64 mil, e, por isso, a Casa Legislativa teve a luz cortada, al\u00e9m de ter comprometido subs\u00eddios dos vereadores e sal\u00e1rios dos funcion\u00e1rios desde novembro.<\/strong><\/p>\n<p><strong> Como a\u00e7\u00e3o para tentar rever o calote de Carlos Wagner Lopes Frota (PT), ou Vaguinho, como \u00e9 mais conhecido, os vereadores iuiuenses entraram com uma a\u00e7\u00e3o na Justi\u00e7a da Comarca de Carinhanha, que determinou o pagamento imediato, o que n\u00e3o foi feito pelo petista. <\/strong><\/p>\n<p><strong>Roberto Pereira, presidente da Casa, ingressou com uma peti\u00e7\u00e3o que pede a pris\u00e3o de Vaguinho por descumprimento de ordem judicial. No entanto, para ver o prefeito atr\u00e1s das grades, Pereira ter\u00e1 de promover algumas representa\u00e7\u00f5es tanto por pr\u00e1tica de improbidade administrativa quanto representa\u00e7\u00e3o criminal junto \u00e0 Procuradoria Geral de Justi\u00e7a do Estado da Bahia. <\/strong><\/p>\n<p><strong>Enquanto isso, na C\u00e2mara, os vereadores seguem \u00e0s escuras.<\/strong><\/p>\n","protected":false},"excerpt":{"rendered":"<p>A C\u00e2mara Municipal de Iui\u00fa, no sudoeste do estado, n\u00e3o anda nos seus melhores dias. O prefeito local, segundo den\u00fancia enviada ao Bahia Not\u00edcias, n\u00e3o repassou o duod\u00e9cimo do m\u00eas de novembro de 2013, no valor de R$ 64 mil, e, por isso, a Casa Legislativa teve a luz cortada, al\u00e9m de ter comprometido subs\u00eddios [&hellip;]<\/p>\n","protected":false},"author":2,"featured_media":0,"comment_status":"open","ping_status":"open","sticky":false,"template":"","format":"standard","meta":{"_links_to":"","_links_to_target":""},"categories":[7],"tags":[],"_links":{"self":[{"href":"https:\/\/www.blogdotarugao.com.br\/v1\/wp-json\/wp\/v2\/posts\/1654"}],"collection":[{"href":"https:\/\/www.blogdotarugao.com.br\/v1\/wp-json\/wp\/v2\/posts"}],"about":[{"href":"https:\/\/www.blogdotarugao.com.br\/v1\/wp-json\/wp\/v2\/types\/post"}],"author":[{"embeddable":true,"href":"https:\/\/www.blogdotarugao.com.br\/v1\/wp-json\/wp\/v2\/users\/2"}],"replies":[{"embeddable":true,"href":"https:\/\/www.blogdotarugao.com.br\/v1\/wp-json\/wp\/v2\/comments?post=1654"}],"version-history":[{"count":1,"href":"https:\/\/www.blogdotarugao.com.br\/v1\/wp-json\/wp\/v2\/posts\/1654\/revisions"}],"predecessor-version":[{"id":1655,"href":"https:\/\/www.blogdotarugao.com.br\/v1\/wp-json\/wp\/v2\/posts\/1654\/revisions\/1655"}],"wp:attachment":[{"href":"https:\/\/www.blogdotarugao.com.br\/v1\/wp-json\/wp\/v2\/media?parent=1654"}],"wp:term":[{"taxonomy":"category","embeddable":true,"href":"https:\/\/www.blogdotarugao.com.br\/v1\/wp-json\/wp\/v2\/categories?post=1654"},{"taxonomy":"post_tag","embeddable":true,"href":"https:\/\/www.blogdotarugao.com.br\/v1\/wp-json\/wp\/v2\/tags?post=1654"}],"curies":[{"name":"wp","href":"https:\/\/api.w.org\/{rel}","templated":true}]}}