{"id":16608,"date":"2014-09-20T09:02:06","date_gmt":"2014-09-20T12:02:06","guid":{"rendered":"http:\/\/www.blogdotarugao.com.br\/v1\/?p=16608"},"modified":"2014-09-20T09:29:03","modified_gmt":"2014-09-20T12:29:03","slug":"itapetinga-leitor-denuncia-reforma-armengada-da-praca-da-vila-isabel-see-more-at-httpwww-sudoestehoje-com-brnovoportal20140916itapetinga-leitor-denuncia-abandono-da-unica-praca-da-vila-isa","status":"publish","type":"post","link":"https:\/\/www.blogdotarugao.com.br\/v1\/2014\/09\/20\/itapetinga-leitor-denuncia-reforma-armengada-da-praca-da-vila-isabel-see-more-at-httpwww-sudoestehoje-com-brnovoportal20140916itapetinga-leitor-denuncia-abandono-da-unica-praca-da-vila-isa\/","title":{"rendered":"ITAPETINGA: LEITOR DENUNCIA REFORMA ARMENGADA DA PRA\u00c7A DA VILA ISABEL"},"content":{"rendered":"<div class=\"art-postcontent\" style=\"color: #000000;\">\n<p><a style=\"color: #757575;\" href=\"http:\/\/www.sudoestehoje.com.br\/novoportal\/wp-content\/uploads\/2014\/09\/2014-09-14-06.51.09.jpg\" class=\"gallery_colorbox\"><br class=\"Apple-interchange-newline\" \/><img loading=\"lazy\" class=\"aligncenter size-medium wp-image-41969\" src=\"http:\/\/www.sudoestehoje.com.br\/novoportal\/wp-content\/uploads\/2014\/09\/2014-09-14-06.51.09-500x375.jpg\"  alt=\"2014-09-14 06.51.09\" width=\"500\" height=\"375\" \/><\/a><\/p>\n<p><strong><em>Por Davi Ferraz<\/em><\/strong><\/p>\n<p>Um leitor ass\u00edduo do Sudoeste Hoje enviou \u00e0 nossa reda\u00e7\u00e3o uma grave den\u00fancia sobre a falsa reforma e o abandono da Pra\u00e7a Cassiano Mendes, na Vila Isabel, com v\u00e1rias fotos que confirmam a veracidade da den\u00fancia. Confira a den\u00fancia e as fotos abaixo:<\/p>\n<p><em>\u201cDavi, esta \u00e9 a situa\u00e7\u00e3o em que se encontra a Pra\u00e7a Cassiano Mendes, no bairro Vila Isabel. Come\u00e7aram uma reforma h\u00e1 uns cinco meses e antes de terminar j\u00e1 est\u00e1 nessa situa\u00e7\u00e3o. Lixo acumulado, n\u00e3o est\u00e1 sendo molhada como deveria, e em consequ\u00eancia est\u00e1 totalmente secando as plantas, e ainda fica um tal de rep\u00f3rter que tamb\u00e9m \u00e9 secret\u00e1rio, s\u00f3 defendendo a reforma dessa pra\u00e7a. Espero que ao ver essas fotos eles retornem com a t\u00e3o falada reforma da nossa querida e \u00fanica pra\u00e7a. Estas fotos foram tiradas no dia 15\/09\/2014. Atenciosamente: Leitor Observador\u201d.<\/em><\/p>\n<p>Quanto custou mesmo esse armengue?<\/p>\n<p><a style=\"color: #757575;\" href=\"http:\/\/www.sudoestehoje.com.br\/novoportal\/wp-content\/uploads\/2014\/09\/2014-09-14-06.52.44-1.jpg\" class=\"gallery_colorbox\"><img loading=\"lazy\" class=\"aligncenter size-medium wp-image-41975\" src=\"http:\/\/www.sudoestehoje.com.br\/novoportal\/wp-content\/uploads\/2014\/09\/2014-09-14-06.52.44-1-500x375.jpg\"  alt=\"2014-09-14 06.52.44 (1)\" width=\"500\" height=\"375\" \/><\/a><\/p>\n<p><a style=\"color: #757575;\" href=\"http:\/\/www.sudoestehoje.com.br\/novoportal\/wp-content\/uploads\/2014\/09\/2014-09-14-06.51.14.jpg\" class=\"gallery_colorbox\"><img loading=\"lazy\" class=\"aligncenter size-medium wp-image-41970\" src=\"http:\/\/www.sudoestehoje.com.br\/novoportal\/wp-content\/uploads\/2014\/09\/2014-09-14-06.51.14-500x375.jpg\"  alt=\"2014-09-14 06.51.14\" width=\"500\" height=\"375\" \/><\/a><\/p>\n<p><a style=\"color: #757575;\" href=\"http:\/\/www.sudoestehoje.com.br\/novoportal\/wp-content\/uploads\/2014\/09\/2014-09-14-06.52.13-1.jpg\" class=\"gallery_colorbox\"><img loading=\"lazy\" class=\"aligncenter size-medium wp-image-41972\" src=\"http:\/\/www.sudoestehoje.com.br\/novoportal\/wp-content\/uploads\/2014\/09\/2014-09-14-06.52.13-1-500x375.jpg\"  alt=\"2014-09-14 06.52.13 (1)\" width=\"500\" height=\"375\" \/><\/a><\/p>\n<p><a style=\"color: #757575;\" href=\"http:\/\/www.sudoestehoje.com.br\/novoportal\/wp-content\/uploads\/2014\/09\/2014-09-14-06.52.52-1.jpg\" class=\"gallery_colorbox\"><img loading=\"lazy\" class=\"aligncenter size-medium wp-image-41976\" src=\"http:\/\/www.sudoestehoje.com.br\/novoportal\/wp-content\/uploads\/2014\/09\/2014-09-14-06.52.52-1-500x375.jpg\"  alt=\"2014-09-14 06.52.52 (1)\" width=\"500\" height=\"375\" \/><\/a><\/p>\n<p><a style=\"color: #757575;\" href=\"http:\/\/www.sudoestehoje.com.br\/novoportal\/wp-content\/uploads\/2014\/09\/2014-09-14-06.53.46.jpg\" class=\"gallery_colorbox\"><img loading=\"lazy\" class=\"aligncenter size-medium wp-image-41977\" src=\"http:\/\/www.sudoestehoje.com.br\/novoportal\/wp-content\/uploads\/2014\/09\/2014-09-14-06.53.46-500x375.jpg\"  alt=\"2014-09-14 06.53.46\" width=\"500\" height=\"375\" \/><\/a><\/p>\n<p><a style=\"color: #757575;\" href=\"http:\/\/www.sudoestehoje.com.br\/novoportal\/wp-content\/uploads\/2014\/09\/2014-09-14-06.53.04.jpg\" class=\"gallery_colorbox\"><img loading=\"lazy\" class=\"aligncenter size-medium wp-image-41978\" src=\"http:\/\/www.sudoestehoje.com.br\/novoportal\/wp-content\/uploads\/2014\/09\/2014-09-14-06.53.04-500x375.jpg\"  alt=\"2014-09-14 06.53.04\" width=\"500\" height=\"375\" \/><\/a><\/p>\n<\/div>\n<p>&nbsp;<\/p>\n","protected":false},"excerpt":{"rendered":"<p>Por Davi Ferraz Um leitor ass\u00edduo do Sudoeste Hoje enviou \u00e0 nossa reda\u00e7\u00e3o uma grave den\u00fancia sobre a falsa reforma e o abandono da Pra\u00e7a Cassiano Mendes, na Vila Isabel, com v\u00e1rias fotos que confirmam a veracidade da den\u00fancia. Confira a den\u00fancia e as fotos abaixo: \u201cDavi, esta \u00e9 a situa\u00e7\u00e3o em que se encontra [&hellip;]<\/p>\n","protected":false},"author":2,"featured_media":0,"comment_status":"open","ping_status":"open","sticky":false,"template":"","format":"standard","meta":{"_links_to":"","_links_to_target":""},"categories":[6,2,1,7],"tags":[],"_links":{"self":[{"href":"https:\/\/www.blogdotarugao.com.br\/v1\/wp-json\/wp\/v2\/posts\/16608"}],"collection":[{"href":"https:\/\/www.blogdotarugao.com.br\/v1\/wp-json\/wp\/v2\/posts"}],"about":[{"href":"https:\/\/www.blogdotarugao.com.br\/v1\/wp-json\/wp\/v2\/types\/post"}],"author":[{"embeddable":true,"href":"https:\/\/www.blogdotarugao.com.br\/v1\/wp-json\/wp\/v2\/users\/2"}],"replies":[{"embeddable":true,"href":"https:\/\/www.blogdotarugao.com.br\/v1\/wp-json\/wp\/v2\/comments?post=16608"}],"version-history":[{"count":2,"href":"https:\/\/www.blogdotarugao.com.br\/v1\/wp-json\/wp\/v2\/posts\/16608\/revisions"}],"predecessor-version":[{"id":16612,"href":"https:\/\/www.blogdotarugao.com.br\/v1\/wp-json\/wp\/v2\/posts\/16608\/revisions\/16612"}],"wp:attachment":[{"href":"https:\/\/www.blogdotarugao.com.br\/v1\/wp-json\/wp\/v2\/media?parent=16608"}],"wp:term":[{"taxonomy":"category","embeddable":true,"href":"https:\/\/www.blogdotarugao.com.br\/v1\/wp-json\/wp\/v2\/categories?post=16608"},{"taxonomy":"post_tag","embeddable":true,"href":"https:\/\/www.blogdotarugao.com.br\/v1\/wp-json\/wp\/v2\/tags?post=16608"}],"curies":[{"name":"wp","href":"https:\/\/api.w.org\/{rel}","templated":true}]}}