{"id":167,"date":"2013-11-12T01:08:27","date_gmt":"2013-11-12T04:08:27","guid":{"rendered":"http:\/\/www.blogdotarugao.com.br\/v1\/?p=167"},"modified":"2013-11-12T01:08:27","modified_gmt":"2013-11-12T04:08:27","slug":"aplicativo-auxilia-acompanhamento-de-dor-de-cabeca-cronica","status":"publish","type":"post","link":"https:\/\/www.blogdotarugao.com.br\/v1\/2013\/11\/12\/aplicativo-auxilia-acompanhamento-de-dor-de-cabeca-cronica\/","title":{"rendered":"Aplicativo auxilia acompanhamento de dor de cabe\u00e7a cr\u00f4nica"},"content":{"rendered":"<div>\n<div><img alt=\"Aplicativo auxilia acompanhamento de dor de cabe\u00e7a cr\u00f4nica\" src=\"http:\/\/www.bahianoticias.com.br\/fotos\/saude_noticias\/10216\/xIMAGEM_NOTICIA_4.jpg.pagespeed.ic.UzvIHtzcaW.jpg\" \/><\/p>\n<h5>Foto: Dor de Cabe\u00e7a App\/Divulga\u00e7\u00e3o<\/h5>\n<\/div>\n<div><\/div>\n<\/div>\n<div>\n<div id=\"cke_pastebin\">Um grupo de pesquisadores da Universidade Federal de Minas Gerais (UFMG) criou um aplicativo para acompanhar frequencias e intensidades de dores de cabe\u00e7a.<\/div>\n<div><\/div>\n<div>O aplicativo, chamado simplesmente \u201cDor de Cabe\u00e7a\u201d, permite que o paciente anote os dias em que teve dor de cabe\u00e7a, a intensidade, e se houve algum fator desencadeante, a exemplo de per\u00edodo menstrual, estresse, falta de sono, ou se o paciente tomou algum medicamento, entre outros dados. Assim, o aplicativo faz um cruzamento de informa\u00e7\u00f5es e cria relat\u00f3rios sobre o hist\u00f3rico do paciente, que podem ser enviados em PDF para o m\u00e9dico.<\/div>\n<div><\/div>\n<div>O programa foi criado h\u00e1 um ano, em uma mesa redonda sobre novidades no tratamento de dor no Simp\u00f3sio Brasileiro e Encontro Internacional sobre Dor (Simbidor). De acordo com o neurologista Ariovaldo Alberto da Silva Jr., do Ambulat\u00f3rio de Cefaleias do Servi\u00e7o de Neurologia do Hospital das Cl\u00ednicas da UFMG, quando a dor ocorre em uma frequ\u00eancia baixa, uma vez por m\u00eas, por exemplo, \u00e9 f\u00e1cil se lembrar para comunicar ao m\u00e9dico.<\/div>\n<div><\/div>\n<div>\u201cMas quando o paciente passa a abusar de analg\u00e9sicos e ter dor frequente, quase di\u00e1ria\u201d, segundo Silva Jr., \u00e9 comum que ele perca o controle de quantas vezes \u00e9 acometido pelas crises. \u201cSe a pessoa tem dor de cabe\u00e7a frequente, \u00e9 importante come\u00e7ar a anotar.<\/div>\n<div><\/div>\n<div>Vai facilitar muito quando for ao m\u00e9dico e, o mais importante, vai facilitar sua vis\u00e3o sobre sua pr\u00f3pria sa\u00fade. Porque a dor vai se cronificando aos poucos e pode ser dif\u00edcil perceber isso sem esses dados\u201d, relata Silva Jr. De acordo com mat\u00e9ria do G1, o aplicativo est\u00e1 dispon\u00edvel gratuitamente na Apple App Store e tamb\u00e9m para celulares com sistema Android.<\/div>\n<\/div>\n","protected":false},"excerpt":{"rendered":"<p>Foto: Dor de Cabe\u00e7a App\/Divulga\u00e7\u00e3o Um grupo de pesquisadores da Universidade Federal de Minas Gerais (UFMG) criou um aplicativo para acompanhar frequencias e intensidades de dores de cabe\u00e7a. O aplicativo, chamado simplesmente \u201cDor de Cabe\u00e7a\u201d, permite que o paciente anote os dias em que teve dor de cabe\u00e7a, a intensidade, e se houve algum fator [&hellip;]<\/p>\n","protected":false},"author":2,"featured_media":0,"comment_status":"open","ping_status":"open","sticky":false,"template":"","format":"standard","meta":{"_links_to":"","_links_to_target":""},"categories":[1],"tags":[],"_links":{"self":[{"href":"https:\/\/www.blogdotarugao.com.br\/v1\/wp-json\/wp\/v2\/posts\/167"}],"collection":[{"href":"https:\/\/www.blogdotarugao.com.br\/v1\/wp-json\/wp\/v2\/posts"}],"about":[{"href":"https:\/\/www.blogdotarugao.com.br\/v1\/wp-json\/wp\/v2\/types\/post"}],"author":[{"embeddable":true,"href":"https:\/\/www.blogdotarugao.com.br\/v1\/wp-json\/wp\/v2\/users\/2"}],"replies":[{"embeddable":true,"href":"https:\/\/www.blogdotarugao.com.br\/v1\/wp-json\/wp\/v2\/comments?post=167"}],"version-history":[{"count":1,"href":"https:\/\/www.blogdotarugao.com.br\/v1\/wp-json\/wp\/v2\/posts\/167\/revisions"}],"predecessor-version":[{"id":168,"href":"https:\/\/www.blogdotarugao.com.br\/v1\/wp-json\/wp\/v2\/posts\/167\/revisions\/168"}],"wp:attachment":[{"href":"https:\/\/www.blogdotarugao.com.br\/v1\/wp-json\/wp\/v2\/media?parent=167"}],"wp:term":[{"taxonomy":"category","embeddable":true,"href":"https:\/\/www.blogdotarugao.com.br\/v1\/wp-json\/wp\/v2\/categories?post=167"},{"taxonomy":"post_tag","embeddable":true,"href":"https:\/\/www.blogdotarugao.com.br\/v1\/wp-json\/wp\/v2\/tags?post=167"}],"curies":[{"name":"wp","href":"https:\/\/api.w.org\/{rel}","templated":true}]}}