{"id":16711,"date":"2014-09-22T12:05:00","date_gmt":"2014-09-22T15:05:00","guid":{"rendered":"http:\/\/www.blogdotarugao.com.br\/v1\/?p=16711"},"modified":"2014-09-22T12:42:40","modified_gmt":"2014-09-22T15:42:40","slug":"dilma-diz-que-mudanca-na-economia-brasileira-depende-dos-eua","status":"publish","type":"post","link":"https:\/\/www.blogdotarugao.com.br\/v1\/2014\/09\/22\/dilma-diz-que-mudanca-na-economia-brasileira-depende-dos-eua\/","title":{"rendered":"Dilma diz que mudan\u00e7a na economia brasileira depende dos EUA"},"content":{"rendered":"<h2 style=\"color: #929292;\">Candidata do PT concedeu entrevista gravada ao &#8216;Bom dia Brasil&#8217;.<\/h2>\n<div class=\"materia-titulo\" style=\"color: #000000;\">\n<h2 style=\"color: #929292;\">Segundo a presidente, pol\u00edtica econ\u00f4mica est\u00e1 na &#8216;defensiva&#8217;.<\/h2>\n<\/div>\n<div class=\"materia-assinatura-linha\" style=\"color: #000000;\">Do G1, em<\/div>\n<div class=\"compartilhamento-materia\" style=\"color: #000000;\"><\/div>\n<div id=\"materia-letra\" class=\"materia-conteudo entry-content\" style=\"color: #000000;\">\n<div id=\"3645043\" class=\"video componente_materia\" data-height=\"349\" data-width=\"620\"><object id=\"wmPlayer-0\" width=\"100%\" height=\"100%\" name=\"wmPlayer-0\" data=\"http:\/\/s.videos.globo.com\/p2\/swf\/20140918175648\/player.swf\" type=\"application\/x-shockwave-flash\"><\/object><\/div>\n<p>A presidente Dilma Rousseff, candidata do PT \u00e0 reelei\u00e7\u00e3o, afirmou, em entrevista gravada no domingo e transmitida nesta segunda-feira (22) pelo \u201cBom dia Brasil\u201d, que a pol\u00edtica econ\u00f4mica atual est\u00e1 na \u201cdefensiva\u201d por causa da crise financeira internacional e que qualquer mudan\u00e7a depender\u00e1 de uma melhora na economia dos Estados Unidos.<\/p>\n<p><em><strong>(Veja a \u00edntegra da entrevista e leia a transcri\u00e7\u00e3o da entrevista em\u00a0<a style=\"font-weight: bold; color: #a80000;\" href=\"http:\/\/g1.globo.com\/bom-dia-brasil\/noticia\/2014\/09\/bom-dia-brasil-entrevista-dilma-rousseff.html\">&#8220;<em><strong>Bom Dia Brasil entrevista Dilma Rousseff<\/strong><\/em>&#8220;<\/a>.)<\/strong><\/em><\/p>\n<p>\u201cA gente tem de ver como que evolui a crise [&#8230;] Os Estados Unidos evoluindo bem, eu acho que o Brasil pode entrar numa outra fase, que precise de menos est\u00edmulos. Pode ficar entregue \u00e0 din\u00e2mica natural da economia e pode, perfeitamente, passar por uma retomada\u201d, afirmou aos jornalistas Miriam Leit\u00e3o, Chico Pinheiro e Ana Paula Ara\u00fajo.<\/p>\n<p>Segundo a presidente, apenas com a recupera\u00e7\u00e3o econ\u00f4mica de outros pa\u00edses ser\u00e1 poss\u00edvel adotar, no Brasil, uma pol\u00edtica econ\u00f4mica \u201cofensiva\u201d. \u201cEstamos numa situa\u00e7\u00e3o em que o Brasil est\u00e1 na defensiva em rela\u00e7\u00e3o \u00e0 crise internacional. Protegendo emprego, sal\u00e1rio e investimento. Essas tr\u00eas vari\u00e1veis. Por qu\u00ea? Porque vamos apostar numa retomada. Na retomada voc\u00ea muda a pol\u00edtica econ\u00f4mica de defensiva para ofensiva.\u201d<\/p>\n<p>Dilma foi, ent\u00e3o, questionada sobre o fato de o Brasil estar crescendo menos que outros pa\u00edses da Am\u00e9rica Latina, como o Chile e a Col\u00f4mbia. A presidente respondeu dizendo que alguns pa\u00edses vizinhos est\u00e3o &#8220;em situa\u00e7\u00e3o dif\u00edcil&#8221;. &#8220;O nosso maior importador aqui na regi\u00e3o, que \u00e9 a Argentina, est\u00e1 numa situa\u00e7\u00e3o bem problem\u00e1tica. 80% dos nossos manufaturados v\u00e3o para l\u00e1&#8221;, afirmou.<\/p>\n<p>A presidente destacou ainda que h\u00e1 uma &#8220;crise grav\u00edssima&#8221; de desemprego no mundo, afetando, sobretudo, os jovens. A jornalista Miriam Leit\u00e3o lembrou que a taxa de desemprego de jovens no Brasil est\u00e1 em 13,7%. Dilma disse que a taxa m\u00e9dia de desemprego no Brasil alcan\u00e7ou, em seu governo, 4,9%. &#8220;N\u00f3s temos na PNE a menor taxa de desemprego de toda s\u00e9rie hist\u00f3rica, de 4,9%.\u00a0 Ningu\u00e9m tem, no mundo, taxa de 4,9%&#8221;, disse.<\/p>\n<div id=\"3645054\" class=\"video componente_materia\" data-height=\"349\" data-width=\"620\"><object id=\"wmPlayer-1\" width=\"100%\" height=\"100%\" name=\"wmPlayer-1\" data=\"http:\/\/s.videos.globo.com\/p2\/swf\/20140918175648\/player.swf\" type=\"application\/x-shockwave-flash\"><\/object><\/div>\n<p><strong>Banco Central<\/strong><br \/>\nNa entrevista, Dilma criticou a proposta da candidata do PSB \u00e0 Presid\u00eancia, Marina Silva, de dar independ\u00eancia ao Banco Central. Segundo ela, isso significaria criar um \u201cquarto poder\u201d no Brasil. Propaganda eleitoral da coliga\u00e7\u00e3o de Dilma, veiculada em cadeia nacional de televis\u00e3o, critica fortemente o trecho do programa de governo de Marina que pretende garantir autonomia, por lei, ao BC. No v\u00eddeo, o locutor diz que a candidata quer, com isso, dar &#8220;poder aos banqueiros&#8221; , inclusive para decidir sobre o &#8220;emprego e sal\u00e1rios&#8221; da popula\u00e7\u00e3o.<\/p>\n<p>Perguntada pelos entrevistadores se esse tipo de pe\u00e7a publicit\u00e1ria n\u00e3o teria o intuito de \u201cgerar medo\u201d nos eleitores em vez de debater propostas, Dilma disse estar apenas \u201calertando\u201d a popula\u00e7\u00e3o para os efeitos das propostas da advers\u00e1ria.<\/p>\n<p>\u201cTudo o que eu falo est\u00e1 no programa da candidata. A candidata diz: vou tornar o Banco Central independente. Ora, Banco Central independente nos termos do Brasil \u00e9 colocar um quarto poder na Pra\u00e7a dos Tr\u00eas Poderes. A\u00ed vai chamar Pra\u00e7a dos Quatro Poderes. Est\u00e1 escrito isso. Mas n\u00e3o \u00e9 s\u00f3 isso. Ela diz que vai reduzir o papel dos bancos p\u00fablicos\u201d, afirmou a presidente.<\/p>\n<p>Na entrevista, a jornalista Miriam Leit\u00e3o lembrou a Dilma que pa\u00edses como Chile e Reino Unido colocaram em pr\u00e1tica a proposta de um Banco Central independente e os resultados foram positivos. A presidente, ent\u00e3o, disse que o BC no Brasil tem o papel de perseguir \u201c\u00fanica e exclusivamente controle de infla\u00e7\u00e3o\u201d.<\/p>\n<p>Miriam Leit\u00e3o destacou que esse controle n\u00e3o tem sido eficiente, j\u00e1 que a infla\u00e7\u00e3o hoje est\u00e1 perto de ultrapassar o teto da meta. \u201cO seu Banco Central n\u00e3o tem conseguido [controlar a infla\u00e7\u00e3o]\u201d, disse. \u201cNem eles [Estados Unidos]\u201d, respondeu Dilma.<\/p>\n<p>A jornalista questionou a afirma\u00e7\u00e3o da presidente apresentando dados. \u201cEles est\u00e3o com infla\u00e7\u00e3o de menos de 2%\u201d, disse. A presidente respondeu dizendo que a \u201cdefla\u00e7\u00e3o\u201d \u00e9 tamb\u00e9m \u201cpreocupante\u201d. Miriam Leit\u00e3o ressaltou que n\u00e3o se trata de \u201cdefla\u00e7\u00e3o\u201d, j\u00e1 que n\u00e3o os Estados Unidos n\u00e3o est\u00e3o vivenciando infla\u00e7\u00e3o negativa, mas sim infla\u00e7\u00e3o em torno de 2%.<\/p>\n<p>Dilma ponderou que todos os pa\u00edses t\u00eam dificuldade em alcan\u00e7ar o centro das metas de controle de pre\u00e7os. \u201cHoje, no mundo, ningu\u00e9m est\u00e1 conseguindo cumprir todas as metas no ponto. Oscila. L\u00e1 tamb\u00e9m oscila\u201d, afirmou.<\/p>\n<\/div>\n","protected":false},"excerpt":{"rendered":"<p>Candidata do PT concedeu entrevista gravada ao &#8216;Bom dia Brasil&#8217;. Segundo a presidente, pol\u00edtica econ\u00f4mica est\u00e1 na &#8216;defensiva&#8217;. Do G1, em A presidente Dilma Rousseff, candidata do PT \u00e0 reelei\u00e7\u00e3o, afirmou, em entrevista gravada no domingo e transmitida nesta segunda-feira (22) pelo \u201cBom dia Brasil\u201d, que a pol\u00edtica econ\u00f4mica atual est\u00e1 na \u201cdefensiva\u201d por causa [&hellip;]<\/p>\n","protected":false},"author":2,"featured_media":0,"comment_status":"open","ping_status":"open","sticky":false,"template":"","format":"standard","meta":{"_links_to":"","_links_to_target":""},"categories":[21,29,1,7],"tags":[],"_links":{"self":[{"href":"https:\/\/www.blogdotarugao.com.br\/v1\/wp-json\/wp\/v2\/posts\/16711"}],"collection":[{"href":"https:\/\/www.blogdotarugao.com.br\/v1\/wp-json\/wp\/v2\/posts"}],"about":[{"href":"https:\/\/www.blogdotarugao.com.br\/v1\/wp-json\/wp\/v2\/types\/post"}],"author":[{"embeddable":true,"href":"https:\/\/www.blogdotarugao.com.br\/v1\/wp-json\/wp\/v2\/users\/2"}],"replies":[{"embeddable":true,"href":"https:\/\/www.blogdotarugao.com.br\/v1\/wp-json\/wp\/v2\/comments?post=16711"}],"version-history":[{"count":2,"href":"https:\/\/www.blogdotarugao.com.br\/v1\/wp-json\/wp\/v2\/posts\/16711\/revisions"}],"predecessor-version":[{"id":16713,"href":"https:\/\/www.blogdotarugao.com.br\/v1\/wp-json\/wp\/v2\/posts\/16711\/revisions\/16713"}],"wp:attachment":[{"href":"https:\/\/www.blogdotarugao.com.br\/v1\/wp-json\/wp\/v2\/media?parent=16711"}],"wp:term":[{"taxonomy":"category","embeddable":true,"href":"https:\/\/www.blogdotarugao.com.br\/v1\/wp-json\/wp\/v2\/categories?post=16711"},{"taxonomy":"post_tag","embeddable":true,"href":"https:\/\/www.blogdotarugao.com.br\/v1\/wp-json\/wp\/v2\/tags?post=16711"}],"curies":[{"name":"wp","href":"https:\/\/api.w.org\/{rel}","templated":true}]}}