{"id":16721,"date":"2014-09-22T17:13:51","date_gmt":"2014-09-22T20:13:51","guid":{"rendered":"http:\/\/www.blogdotarugao.com.br\/v1\/?p=16721"},"modified":"2014-09-22T17:13:51","modified_gmt":"2014-09-22T20:13:51","slug":"neto-diz-que-wagner-fala-bobagem-devido-ao-desespero-de-prever-derrota","status":"publish","type":"post","link":"https:\/\/www.blogdotarugao.com.br\/v1\/2014\/09\/22\/neto-diz-que-wagner-fala-bobagem-devido-ao-desespero-de-prever-derrota\/","title":{"rendered":"Neto diz que Wagner fala \u2018bobagem\u2019 devido ao \u2018desespero\u2019 de prever derrota"},"content":{"rendered":"<div class=\"align-center\" style=\"color: #000000;\">\n<div class=\"imgNoticia clear\"><img title=\"Neto diz que Wagner fala \u2018bobagem\u2019 devido ao \u2018desespero\u2019 de prever derrota\" src=\"http:\/\/www.bahianoticias.com.br\/fotos\/principal_noticias\/160663\/xIMAGEM_NOTICIA_5.jpg.pagespeed.ic.wBZFznLql9.jpg\" alt=\"Neto diz que Wagner fala \u2018bobagem\u2019 devido ao \u2018desespero\u2019 de prever derrota\" \/><\/p>\n<div class=\"tooltip-text\" style=\"font-weight: bold; color: #ffffff;\">Ft<\/div>\n<\/div>\n<\/div>\n<div class=\"editor clear\" style=\"color: #444444;\">\n<div id=\"cke_pastebin\">O prefeito de Salvador, ACM Neto (DEM), afirmou, em entrevista ao jornal A Tarde publicada nesta segunda-feira (22), que o \u201cazedamento\u201d da rela\u00e7\u00e3o com o gestor Jaques Wagner (PT) foi \u201cunilateral\u201d e \u201cprovocado\u201d pelo governo.<\/div>\n<div><\/div>\n<div>\u201cDa minha parte sempre procurei tratar o governador com o respeito necess\u00e1rio e com reconhecimento da institucionalidade do seu cargo\u201d, disse.<\/div>\n<div><\/div>\n<div>Al\u00e9m da oposi\u00e7\u00e3o no palanque eleitoral, a troca de farpas entre os governantes envolve discord\u00e2ncias na licita\u00e7\u00e3o de \u00f4nibus em Salvador, na opera\u00e7\u00e3o do sistema de metr\u00f4 e na regula\u00e7\u00e3o do servi\u00e7o de abastecimento de \u00e1gua na capital.<\/div>\n<div><\/div>\n<div>O democrata respondeu \u00e0 declara\u00e7\u00e3o de Wagner, que chegou a afirmar que o candidato Paulo Souto (DEM) era um \u201cfuncion\u00e1rio de empresa de fam\u00edlia\u201d. \u201cO governador tem falado tanta bobagem que s\u00f3 posso atribuir ao desespero de quem est\u00e1 vendo se avizinhar uma derrota\u201d, acusou Neto.<\/div>\n<div><\/div>\n<div>O prefeito justificou que Souto foi governador da Bahia duas vezes, vice-governador, senador, superintendente da Sudene, tr\u00eas vezes secret\u00e1rio de estado.<\/div>\n<div><\/div>\n<div>\u201cE o governador Wagner ter a coragem de dizer que este \u00e9 um funcion\u00e1rio de A, B ou C? Paulo Souto \u00e9 funcion\u00e1rio do povo baiano, que sempre foi e ser\u00e1 novamente\u201d, afirmou.<\/div>\n<div><\/div>\n<div>Ele ainda disse que \u201c\u00e9 um preconceito inaceit\u00e1vel\u201d fazer esse tipo de adjetiva\u00e7\u00e3o. \u201cInfelizmente o governador n\u00e3o olha para dentro de seu pr\u00f3prio quintal. Se olhasse, veria que certas palavras, que ele tenta de maneira preconceituosa qualificar um homem p\u00fablico do quilate de Paulo Souto, se enquadraria muito melhor no candidato que ele escolheu [Rui Costa]\u201d, insinua.<\/div>\n<\/div>\n","protected":false},"excerpt":{"rendered":"<p>Ft O prefeito de Salvador, ACM Neto (DEM), afirmou, em entrevista ao jornal A Tarde publicada nesta segunda-feira (22), que o \u201cazedamento\u201d da rela\u00e7\u00e3o com o gestor Jaques Wagner (PT) foi \u201cunilateral\u201d e \u201cprovocado\u201d pelo governo. \u201cDa minha parte sempre procurei tratar o governador com o respeito necess\u00e1rio e com reconhecimento da institucionalidade do seu [&hellip;]<\/p>\n","protected":false},"author":2,"featured_media":0,"comment_status":"open","ping_status":"open","sticky":false,"template":"","format":"standard","meta":{"_links_to":"","_links_to_target":""},"categories":[14,6,21,1,7],"tags":[],"_links":{"self":[{"href":"https:\/\/www.blogdotarugao.com.br\/v1\/wp-json\/wp\/v2\/posts\/16721"}],"collection":[{"href":"https:\/\/www.blogdotarugao.com.br\/v1\/wp-json\/wp\/v2\/posts"}],"about":[{"href":"https:\/\/www.blogdotarugao.com.br\/v1\/wp-json\/wp\/v2\/types\/post"}],"author":[{"embeddable":true,"href":"https:\/\/www.blogdotarugao.com.br\/v1\/wp-json\/wp\/v2\/users\/2"}],"replies":[{"embeddable":true,"href":"https:\/\/www.blogdotarugao.com.br\/v1\/wp-json\/wp\/v2\/comments?post=16721"}],"version-history":[{"count":1,"href":"https:\/\/www.blogdotarugao.com.br\/v1\/wp-json\/wp\/v2\/posts\/16721\/revisions"}],"predecessor-version":[{"id":16722,"href":"https:\/\/www.blogdotarugao.com.br\/v1\/wp-json\/wp\/v2\/posts\/16721\/revisions\/16722"}],"wp:attachment":[{"href":"https:\/\/www.blogdotarugao.com.br\/v1\/wp-json\/wp\/v2\/media?parent=16721"}],"wp:term":[{"taxonomy":"category","embeddable":true,"href":"https:\/\/www.blogdotarugao.com.br\/v1\/wp-json\/wp\/v2\/categories?post=16721"},{"taxonomy":"post_tag","embeddable":true,"href":"https:\/\/www.blogdotarugao.com.br\/v1\/wp-json\/wp\/v2\/tags?post=16721"}],"curies":[{"name":"wp","href":"https:\/\/api.w.org\/{rel}","templated":true}]}}