{"id":168040,"date":"2024-02-08T07:23:06","date_gmt":"2024-02-08T10:23:06","guid":{"rendered":"https:\/\/www.blogdotarugao.com.br\/v1\/?p=168040"},"modified":"2024-02-08T07:23:06","modified_gmt":"2024-02-08T10:23:06","slug":"diretor-geral-da-oms-diz-que-surto-de-dengue-no-brasil-faz-parte-do-aumento-global-da-doenca","status":"publish","type":"post","link":"https:\/\/www.blogdotarugao.com.br\/v1\/2024\/02\/08\/diretor-geral-da-oms-diz-que-surto-de-dengue-no-brasil-faz-parte-do-aumento-global-da-doenca\/","title":{"rendered":"DIRETOR-GERAL DA OMS DIZ QUE SURTO DE DENGUE NO BRASIL FAZ PARTE DO AUMENTO GLOBAL DA DOEN\u00c7A"},"content":{"rendered":"<h3><img loading=\"lazy\" class=\"wp-image-168041 alignleft\" src=\"https:\/\/www.blogdotarugao.com.br\/v1\/wp-content\/uploads\/2024\/02\/A-19.jpg\" alt=\"\" width=\"584\" height=\"389\" \/>O diretor-geral da Organiza\u00e7\u00e3o Mundial de Sa\u00fade (OMS), Tedros Adhanom, disse nesta quarta-feira (7) que o surto de dengue no Brasil faz parte &#8220;de um grande aumento em escala global&#8221; da doen\u00e7a e que, &#8220;a exemplo de muitos pa\u00edses, tamb\u00e9m enfrenta desafios significativos&#8221;.<\/h3>\n<h3>Neste ano, o pa\u00eds j\u00e1 registrou mais de 360 mil casos (prov\u00e1veis e confirmados) de dengue, com 40 mortes confirmadas. Isso representa um aumento de 291% em rela\u00e7\u00e3o ao mesmo per\u00edodo de 2023, quando foram registrados pouco mais de 93 mil casos nas primeiras cinco semanas do ano.<\/h3>\n<h3>Em visita ao Brasil, ele participou do lan\u00e7amento de um plano do Minist\u00e9rio da Sa\u00fade para elimina\u00e7\u00e3o de doen\u00e7as e infec\u00e7\u00f5es que acometem, de forma mais intensa, as popula\u00e7\u00f5es em situa\u00e7\u00e3o de maior vulnerabilidade social, como mal\u00e1ria, doen\u00e7a de Chagas, s\u00edfilis, hepatite B e HIV.<\/h3>\n<h3>Este surto de dengue atual faz parte de um grande aumento em escala global da dengue, com mais de 500 milh\u00f5es de casos e mais de cinco mil \u00f3bitos relatados ano passados em 80 pa\u00edses de todas as regi\u00f5es do mundo.<\/h3>\n<h3>A visita dele ao Brasil acontece em meio ao aumento de casos de dengue no pa\u00eds. O total registrado em janeiro j\u00e1 ultrapassou todos os casos de 2017, quando foram contabilizadas 239.389 notifica\u00e7\u00f5es. O governo federal instalou um Centro de Opera\u00e7\u00f5es de Emerg\u00eancia (COE) contra a dengue e outras arboviroses para coordenar as a\u00e7\u00f5es de combate e monitorar o avan\u00e7o da epidemia<span style=\"background-color: #d5d5d5;\">.<\/span><\/h3>\n<h3>A cidade do Rio de Janeiro decretou estado de emerg\u00eancia em sa\u00fade p\u00fablica por causa da dengue. A primeira morte no ano foi confirmada.<\/h3>\n<h3>O governo do Distrito Federal tamb\u00e9m j\u00e1 tinha tomado decis\u00e3o semelhante no fim de janeiro por causa do surto da doen\u00e7a: j\u00e1 foram registradas 11 mortes neste ano e foi aberto um hospital de campanha para tratar os doentes.<\/h3>\n<h3>A ministra da Sa\u00fade, N\u00edsia Trindade, descartou, por\u00e9m, decretar emerg\u00eancia nacional. &#8220;Neste momento, n\u00e3o faz sentido uma emerg\u00eancia nacional, o que n\u00e3o quer dizer que n\u00e3o estejamos num estado de alerta e aten\u00e7\u00e3o nacional.&#8221;<\/h3>\n<h3>No gr\u00e1fico abaixo, veja o n\u00famero de casos de dengue no Brasil nas cinco primeiras semanas de 2024 em compara\u00e7\u00e3o ao mesmo per\u00edodo de 2023:<\/h3>\n<h3>Vacina<\/h3>\n<h3>Em seu discurso, o representante da OMS ainda citou o papel do Brasil como um grande produtor de vacinas. &#8220;A OMS tamb\u00e9m vem trabalhando com o Instituto Butantan, com vistas a explorar uma nova via de colabora\u00e7\u00e3o para acelerar a produ\u00e7\u00e3o local de novas vacinas avan\u00e7adas aqui no Brasil&#8221;, disse Adhanom.<\/h3>\n<p><!--more--><\/p>\n<h3>O Brasil, que ser\u00e1 o primeiro pa\u00eds do mundo a oferecer a vacina contra a dengue no sistema p\u00fablico de sa\u00fade, tenta encontrar uma sa\u00edda para garantir doses suficientes para a popula\u00e7\u00e3o.<\/h3>\n<h3>No momento, o pa\u00eds conta no SUS apenas com a vacina Qdenga, fabricada pelo laborat\u00f3rio japon\u00eas Takeda Pharma. No entanto, a quantidade \u00e9 limitada e dar\u00e1 para imunizar apenas um pequeno grupo de crian\u00e7as e adolescentes de 10 a 14 anos, definido como p\u00fablico-alvo inicial.<\/h3>\n<h3>Nesta quarta, a ministra da Sa\u00fade disse que a pasta tem feito estudos para ver se ser\u00e1 poss\u00edvel ampliar a faixa et\u00e1ria.<\/h3>\n<h3>&#8220;Existem pesquisas sendo feitas tanto laboratoriais quanto tamb\u00e9m a de estudo observacional que vai come\u00e7ar a ser feito t\u00e3o logo a vacina comece a ser aplicada&#8221;, afirmou N\u00edsia.<\/h3>\n<h3>Em outra frente gira em torno de uma vacina desenvolvida pelo Instituto Butantan, que teve a sua efic\u00e1cia comprovada. A expectativa \u00e9 que esses sejam enviados para aprova\u00e7\u00e3o da Ag\u00eancia Nacional de Vigil\u00e2ncia Sanit\u00e1ria (Anvisa) neste ano e que a aplica\u00e7\u00e3o das primeiras doses ocorra ainda em 2025.<\/h3>\n<h3>O acesso a uma nova vacina contra a doen\u00e7a ganha ainda mais import\u00e2ncia no ano em que o aquecimento global e o El Ni\u00f1o contribuem para um novo surto da doen\u00e7a no pa\u00eds.<\/h3>\n","protected":false},"excerpt":{"rendered":"<p>O diretor-geral da Organiza\u00e7\u00e3o Mundial de Sa\u00fade (OMS), Tedros Adhanom, disse nesta quarta-feira (7) que o surto de dengue no Brasil faz parte &#8220;de um grande aumento em escala global&#8221; da doen\u00e7a e que, &#8220;a exemplo de muitos pa\u00edses, tamb\u00e9m enfrenta desafios significativos&#8221;. Neste ano, o pa\u00eds j\u00e1 registrou mais de 360 mil casos (prov\u00e1veis [&hellip;]<\/p>\n","protected":false},"author":2,"featured_media":168041,"comment_status":"open","ping_status":"open","sticky":false,"template":"","format":"standard","meta":{"_links_to":"","_links_to_target":""},"categories":[1],"tags":[],"_links":{"self":[{"href":"https:\/\/www.blogdotarugao.com.br\/v1\/wp-json\/wp\/v2\/posts\/168040"}],"collection":[{"href":"https:\/\/www.blogdotarugao.com.br\/v1\/wp-json\/wp\/v2\/posts"}],"about":[{"href":"https:\/\/www.blogdotarugao.com.br\/v1\/wp-json\/wp\/v2\/types\/post"}],"author":[{"embeddable":true,"href":"https:\/\/www.blogdotarugao.com.br\/v1\/wp-json\/wp\/v2\/users\/2"}],"replies":[{"embeddable":true,"href":"https:\/\/www.blogdotarugao.com.br\/v1\/wp-json\/wp\/v2\/comments?post=168040"}],"version-history":[{"count":1,"href":"https:\/\/www.blogdotarugao.com.br\/v1\/wp-json\/wp\/v2\/posts\/168040\/revisions"}],"predecessor-version":[{"id":168042,"href":"https:\/\/www.blogdotarugao.com.br\/v1\/wp-json\/wp\/v2\/posts\/168040\/revisions\/168042"}],"wp:featuredmedia":[{"embeddable":true,"href":"https:\/\/www.blogdotarugao.com.br\/v1\/wp-json\/wp\/v2\/media\/168041"}],"wp:attachment":[{"href":"https:\/\/www.blogdotarugao.com.br\/v1\/wp-json\/wp\/v2\/media?parent=168040"}],"wp:term":[{"taxonomy":"category","embeddable":true,"href":"https:\/\/www.blogdotarugao.com.br\/v1\/wp-json\/wp\/v2\/categories?post=168040"},{"taxonomy":"post_tag","embeddable":true,"href":"https:\/\/www.blogdotarugao.com.br\/v1\/wp-json\/wp\/v2\/tags?post=168040"}],"curies":[{"name":"wp","href":"https:\/\/api.w.org\/{rel}","templated":true}]}}