{"id":168312,"date":"2024-02-26T21:12:08","date_gmt":"2024-02-27T00:12:08","guid":{"rendered":"https:\/\/www.blogdotarugao.com.br\/v1\/?p=168312"},"modified":"2024-02-26T21:12:08","modified_gmt":"2024-02-27T00:12:08","slug":"bolsonaro-vem-a-salvador-para-encontro-com-apoiadores-em-marco","status":"publish","type":"post","link":"https:\/\/www.blogdotarugao.com.br\/v1\/2024\/02\/26\/bolsonaro-vem-a-salvador-para-encontro-com-apoiadores-em-marco\/","title":{"rendered":"BOLSONARO VEM A SALVADOR PARA ENCONTRO COM APOIADORES EM MAR\u00c7O"},"content":{"rendered":"<h3><img loading=\"lazy\" class=\"alignnone  wp-image-168313 alignleft\" src=\"https:\/\/www.blogdotarugao.com.br\/v1\/wp-content\/uploads\/2024\/02\/BOZO.jpg\" alt=\"\" width=\"580\" height=\"436\" \/><\/h3>\n<h3><strong>O ex-presidente Jair Bolsonaro confirmou a participa\u00e7\u00e3o, entre os dias 8 e 9 de mar\u00e7o de 2024, de um encontro com apoiadores em Salvador. Fontes confirmaram a data ao Bahia Not\u00edcias ap\u00f3s o presidente do PL na Bahia, Jo\u00e3o Roma, dar indicativos de que Bolsonaro viria ao estado para contribuir com os debates envolvendo candidatos a prefeito e a vereador na Bahia.<\/strong><\/h3>\n<h3><strong>No come\u00e7o de fevereiro, o dirigente do PL na Bahia tinha indicado que\u00a0<a href=\"https:\/\/www.bahianoticias.com.br\/noticia\/288770-jair-e-michele-bolsonaro-confirmam-vinda-a-bahia-em-marco-veja-agenda\">as datas eram as mais prov\u00e1veis para a vinda de Bolsonaro e da ex-primeira-dama, Michelle Bolsonaro<\/a>. H\u00e1 a expectativa que a presidente do PL Mulher receba a Comenda 2 de Julho, por servi\u00e7os prestados \u00e0 Bahia.<\/strong><\/h3>\n<p><span style=\"color: #0000ff;\">RK<\/span><\/p>\n","protected":false},"excerpt":{"rendered":"<p>O ex-presidente Jair Bolsonaro confirmou a participa\u00e7\u00e3o, entre os dias 8 e 9 de mar\u00e7o de 2024, de um encontro com apoiadores em Salvador. Fontes confirmaram a data ao Bahia Not\u00edcias ap\u00f3s o presidente do PL na Bahia, Jo\u00e3o Roma, dar indicativos de que Bolsonaro viria ao estado para contribuir com os debates envolvendo candidatos [&hellip;]<\/p>\n","protected":false},"author":2,"featured_media":168313,"comment_status":"open","ping_status":"open","sticky":false,"template":"","format":"standard","meta":{"_links_to":"","_links_to_target":""},"categories":[1],"tags":[],"_links":{"self":[{"href":"https:\/\/www.blogdotarugao.com.br\/v1\/wp-json\/wp\/v2\/posts\/168312"}],"collection":[{"href":"https:\/\/www.blogdotarugao.com.br\/v1\/wp-json\/wp\/v2\/posts"}],"about":[{"href":"https:\/\/www.blogdotarugao.com.br\/v1\/wp-json\/wp\/v2\/types\/post"}],"author":[{"embeddable":true,"href":"https:\/\/www.blogdotarugao.com.br\/v1\/wp-json\/wp\/v2\/users\/2"}],"replies":[{"embeddable":true,"href":"https:\/\/www.blogdotarugao.com.br\/v1\/wp-json\/wp\/v2\/comments?post=168312"}],"version-history":[{"count":1,"href":"https:\/\/www.blogdotarugao.com.br\/v1\/wp-json\/wp\/v2\/posts\/168312\/revisions"}],"predecessor-version":[{"id":168314,"href":"https:\/\/www.blogdotarugao.com.br\/v1\/wp-json\/wp\/v2\/posts\/168312\/revisions\/168314"}],"wp:featuredmedia":[{"embeddable":true,"href":"https:\/\/www.blogdotarugao.com.br\/v1\/wp-json\/wp\/v2\/media\/168313"}],"wp:attachment":[{"href":"https:\/\/www.blogdotarugao.com.br\/v1\/wp-json\/wp\/v2\/media?parent=168312"}],"wp:term":[{"taxonomy":"category","embeddable":true,"href":"https:\/\/www.blogdotarugao.com.br\/v1\/wp-json\/wp\/v2\/categories?post=168312"},{"taxonomy":"post_tag","embeddable":true,"href":"https:\/\/www.blogdotarugao.com.br\/v1\/wp-json\/wp\/v2\/tags?post=168312"}],"curies":[{"name":"wp","href":"https:\/\/api.w.org\/{rel}","templated":true}]}}