{"id":168315,"date":"2024-02-26T21:20:26","date_gmt":"2024-02-27T00:20:26","guid":{"rendered":"https:\/\/www.blogdotarugao.com.br\/v1\/?p=168315"},"modified":"2024-02-26T21:20:26","modified_gmt":"2024-02-27T00:20:26","slug":"popo-diz-nao-a-vitor-belfort-essa-oportunidade-nao-vou-te-dar","status":"publish","type":"post","link":"https:\/\/www.blogdotarugao.com.br\/v1\/2024\/02\/26\/popo-diz-nao-a-vitor-belfort-essa-oportunidade-nao-vou-te-dar\/","title":{"rendered":"POP\u00d3 DIZ N\u00c3O A VITOR BELFORT: &#8216;ESSA OPORTUNIDADE N\u00c3O VOU TE DAR&#8217;"},"content":{"rendered":"<div class=\"container--component-block\">\n<div class=\"container--component-block\">\n<h3><img loading=\"lazy\" class=\"alignnone  wp-image-168316 alignleft\" src=\"https:\/\/www.blogdotarugao.com.br\/v1\/wp-content\/uploads\/2024\/02\/POPO.jpg\" alt=\"\" width=\"580\" height=\"436\" \/><\/h3>\n<h3>Aparentemente n\u00e3o ocorrer\u00e1 o confronto entre Arcerlino Pop\u00f3 Freitas e Vitor Belfort. Ap\u00f3s o convite do lutador de MMA, o ex-boxeador recusou a proposta.<\/h3>\n<h3 id=\"paragrafo-c6uh7gupy5\" class=\"component--paragrafo\">&#8220;Ele falou que eu sou feio, que t\u00f4 todo harmonizado. Eu sou f\u00e3 do Vitor, tenho carinho muito grande por ele, n\u00e3o queria falar mal. Mas Vitor, essa oportunidade n\u00e3o vou te dar, n\u00e3o. Merda quanto mais a gente mexe, mais fede. Deixa ele quietinho que \u00e9 melhor&#8221;, disse durante o programa Encontro.<\/h3>\n<\/div>\n<p id=\"paragrafo-1ntgdpo5yy\" class=\"component--paragrafo\">Belfort convocou o baiano para uma luta chamando-o de &#8220;amarel\u00e3o&#8221; e dizendo que Pop\u00f3 s\u00f3 enfrenta &#8220;lutador fraco&#8221;.<\/p>\n<h3 id=\"paragrafo-0bzyov038w\" class=\"component--paragrafo\">Al\u00e9m disso, o ex-lutador de MMA tamb\u00e9m chegou a debochar da apar\u00eancia de Pop\u00f3, dizendo que ele est\u00e1 &#8220;deformado&#8221;.<\/h3>\n<\/div>\n<div class=\"container--component-block\">\n<h3 id=\"paragrafo-6z6fr5lqnb\" class=\"component--paragrafo\">&#8220;Meu irm\u00e3o, para, sua cara est\u00e1 toda deformada. Para de ir nesse m\u00e9dico, seu botox est\u00e1 muito mal colocado. Esse seu botox \u00e9 mexicano, n\u00e3o \u00e9 real&#8221;, falou Belfort.<\/h3>\n<p><span style=\"color: #0000ff;\">RK<\/span><\/p>\n<p>&nbsp;<\/p>\n<\/div>\n","protected":false},"excerpt":{"rendered":"<p>Aparentemente n\u00e3o ocorrer\u00e1 o confronto entre Arcerlino Pop\u00f3 Freitas e Vitor Belfort. Ap\u00f3s o convite do lutador de MMA, o ex-boxeador recusou a proposta. &#8220;Ele falou que eu sou feio, que t\u00f4 todo harmonizado. Eu sou f\u00e3 do Vitor, tenho carinho muito grande por ele, n\u00e3o queria falar mal. Mas Vitor, essa oportunidade n\u00e3o vou [&hellip;]<\/p>\n","protected":false},"author":2,"featured_media":168316,"comment_status":"open","ping_status":"open","sticky":false,"template":"","format":"standard","meta":{"_links_to":"","_links_to_target":""},"categories":[1],"tags":[],"_links":{"self":[{"href":"https:\/\/www.blogdotarugao.com.br\/v1\/wp-json\/wp\/v2\/posts\/168315"}],"collection":[{"href":"https:\/\/www.blogdotarugao.com.br\/v1\/wp-json\/wp\/v2\/posts"}],"about":[{"href":"https:\/\/www.blogdotarugao.com.br\/v1\/wp-json\/wp\/v2\/types\/post"}],"author":[{"embeddable":true,"href":"https:\/\/www.blogdotarugao.com.br\/v1\/wp-json\/wp\/v2\/users\/2"}],"replies":[{"embeddable":true,"href":"https:\/\/www.blogdotarugao.com.br\/v1\/wp-json\/wp\/v2\/comments?post=168315"}],"version-history":[{"count":1,"href":"https:\/\/www.blogdotarugao.com.br\/v1\/wp-json\/wp\/v2\/posts\/168315\/revisions"}],"predecessor-version":[{"id":168317,"href":"https:\/\/www.blogdotarugao.com.br\/v1\/wp-json\/wp\/v2\/posts\/168315\/revisions\/168317"}],"wp:featuredmedia":[{"embeddable":true,"href":"https:\/\/www.blogdotarugao.com.br\/v1\/wp-json\/wp\/v2\/media\/168316"}],"wp:attachment":[{"href":"https:\/\/www.blogdotarugao.com.br\/v1\/wp-json\/wp\/v2\/media?parent=168315"}],"wp:term":[{"taxonomy":"category","embeddable":true,"href":"https:\/\/www.blogdotarugao.com.br\/v1\/wp-json\/wp\/v2\/categories?post=168315"},{"taxonomy":"post_tag","embeddable":true,"href":"https:\/\/www.blogdotarugao.com.br\/v1\/wp-json\/wp\/v2\/tags?post=168315"}],"curies":[{"name":"wp","href":"https:\/\/api.w.org\/{rel}","templated":true}]}}