{"id":17064,"date":"2014-09-29T09:30:52","date_gmt":"2014-09-29T12:30:52","guid":{"rendered":"http:\/\/www.blogdotarugao.com.br\/v1\/?p=17064"},"modified":"2014-09-29T09:30:52","modified_gmt":"2014-09-29T12:30:52","slug":"coligacao-do-pt-perde-acao-contra-a-prefeitura-de-salvador-na-justica-eleitoral","status":"publish","type":"post","link":"https:\/\/www.blogdotarugao.com.br\/v1\/2014\/09\/29\/coligacao-do-pt-perde-acao-contra-a-prefeitura-de-salvador-na-justica-eleitoral\/","title":{"rendered":"Coliga\u00e7\u00e3o do PT perde a\u00e7\u00e3o contra a prefeitura de Salvador na Justi\u00e7a Eleitoral"},"content":{"rendered":"<p><span style=\"color: #444444;\">A Justi\u00e7a Eleitoral negou nesse final de semana, em decis\u00e3o liminar, o pedido feito pela coliga\u00e7\u00e3o Mais Mudan\u00e7as, Novas Conquistas, que apoia o candidato Rui Costa (PT), no qual solicitava a suspens\u00e3o da propaganda institucional da prefeitura de Salvador durante o per\u00edodo das elei\u00e7\u00f5es.<\/span><\/p>\n<p><img loading=\"lazy\" src=\"http:\/\/www.bocaonews.com.br\/ckfinder\/userfiles\/fotos_e_imagens\/POLITICA\/BAHIA\/ELEI%C3%87%C3%95ES%202014\/ACm%20Neto%203.JPG\" alt=\"\" width=\"477\" height=\"318\" \/><\/p>\n<p>Segundo o juiz auxiliar do Tribunal Regional Eleitoral da Bahia (TRE-BA), Luiz Salom\u00e3o Amaral Viana, a representa\u00e7\u00e3o n\u00e3o juntou aos autos qualquer prova que demonstrasse a veracidade da acusa\u00e7\u00e3o feita ao prefeito ACM Neto (DEM).<\/p>\n<p>As chapas do PT alegam que, por iniciativa do prefeito, houve uma intensifica\u00e7\u00e3o da veicula\u00e7\u00e3o da propaganda institucional da prefeitura, veiculada em r\u00e1dio, TV e placas nas ruas, para favorecer a candidatura de Paulo Souto (DEM) e do seu vice Joaci G\u00f3es na corrida pelo Governo do estado.<\/p>\n<p>Outro pedido do grupo do PT j\u00e1 havia sido rejeitado pelo TRE, quando a coliga\u00e7\u00e3o &#8220;Pra Bahia Mudar Mais&#8221;, de Rui Costa, entrou com representa\u00e7\u00e3o tamb\u00e9m com a acusa\u00e7\u00e3o de abuso de poder pol\u00edtico contra o prefeito demista e Paulo Souto.<\/p>\n","protected":false},"excerpt":{"rendered":"<p>A Justi\u00e7a Eleitoral negou nesse final de semana, em decis\u00e3o liminar, o pedido feito pela coliga\u00e7\u00e3o Mais Mudan\u00e7as, Novas Conquistas, que apoia o candidato Rui Costa (PT), no qual solicitava a suspens\u00e3o da propaganda institucional da prefeitura de Salvador durante o per\u00edodo das elei\u00e7\u00f5es. Segundo o juiz auxiliar do Tribunal Regional Eleitoral da Bahia (TRE-BA), [&hellip;]<\/p>\n","protected":false},"author":2,"featured_media":0,"comment_status":"open","ping_status":"open","sticky":false,"template":"","format":"standard","meta":{"_links_to":"","_links_to_target":""},"categories":[14,6,1,7],"tags":[],"_links":{"self":[{"href":"https:\/\/www.blogdotarugao.com.br\/v1\/wp-json\/wp\/v2\/posts\/17064"}],"collection":[{"href":"https:\/\/www.blogdotarugao.com.br\/v1\/wp-json\/wp\/v2\/posts"}],"about":[{"href":"https:\/\/www.blogdotarugao.com.br\/v1\/wp-json\/wp\/v2\/types\/post"}],"author":[{"embeddable":true,"href":"https:\/\/www.blogdotarugao.com.br\/v1\/wp-json\/wp\/v2\/users\/2"}],"replies":[{"embeddable":true,"href":"https:\/\/www.blogdotarugao.com.br\/v1\/wp-json\/wp\/v2\/comments?post=17064"}],"version-history":[{"count":1,"href":"https:\/\/www.blogdotarugao.com.br\/v1\/wp-json\/wp\/v2\/posts\/17064\/revisions"}],"predecessor-version":[{"id":17069,"href":"https:\/\/www.blogdotarugao.com.br\/v1\/wp-json\/wp\/v2\/posts\/17064\/revisions\/17069"}],"wp:attachment":[{"href":"https:\/\/www.blogdotarugao.com.br\/v1\/wp-json\/wp\/v2\/media?parent=17064"}],"wp:term":[{"taxonomy":"category","embeddable":true,"href":"https:\/\/www.blogdotarugao.com.br\/v1\/wp-json\/wp\/v2\/categories?post=17064"},{"taxonomy":"post_tag","embeddable":true,"href":"https:\/\/www.blogdotarugao.com.br\/v1\/wp-json\/wp\/v2\/tags?post=17064"}],"curies":[{"name":"wp","href":"https:\/\/api.w.org\/{rel}","templated":true}]}}