{"id":17090,"date":"2014-09-29T22:16:08","date_gmt":"2014-09-30T01:16:08","guid":{"rendered":"http:\/\/www.blogdotarugao.com.br\/v1\/?p=17090"},"modified":"2014-09-29T21:17:10","modified_gmt":"2014-09-30T00:17:10","slug":"homem-mata-irmao-a-facadas-em-briga-por-heranca-no-municipio","status":"publish","type":"post","link":"https:\/\/www.blogdotarugao.com.br\/v1\/2014\/09\/29\/homem-mata-irmao-a-facadas-em-briga-por-heranca-no-municipio\/","title":{"rendered":"Homem mata irm\u00e3o a facadas em briga por heran\u00e7a no munic\u00edpio"},"content":{"rendered":"<p style=\"color: #444444;\"><input alt=\"\" src=\"http:\/\/www.bocaonews.com.br\/ckfinder\/userfiles\/fotos_e_imagens\/POLICIA\/heranca-homem-mata-irmao-em-caetite-brumado-noticias-07.jpg\" type=\"image\" \/><br \/>\nFoto: reprodu\u00e7\u00e3o \/ Brunado Not\u00edcias<\/p>\n<p><span style=\"color: #444444;\">Um homem identificado como Almerindo Rodrigues Cardoso, de 36 anos, foi preso acusado de homic\u00eddio no munic\u00edpio de Caetit\u00e9, no sudoeste baiano, neste domingo (28). De acordo com informa\u00e7\u00f5es publicadas pelo blog Brumado Not\u00edcias, Almerindo teria desferido golpe de faca no irm\u00e3o, Manoel Aparecido Rodrigues Cardoso, 32 anos, que morreu ap\u00f3s ser atingido no peito, durante uma discuss\u00e3o sobre a partilha de bens de uma heran\u00e7a.<\/span><\/p>\n<p><img src=\"http:\/\/www.caetitenoticias.com.br\/portalcn5\/wscv4\/adm\/fotos\/725c30c78bc10163794334b8bfb7392329092014083501.jpg\" alt=\"\" \/><\/p>\n<p>Ainda de acordo com o blog, familiares relataram que os irm\u00e3os j\u00e1 havia se desentendido outras vezes por causa de bens materiais. \u00a0O delegado Cl\u00e9cio Magalh\u00e3es, juntamente com o Coordenador do Servi\u00e7o de Investiga\u00e7\u00f5es e o Departamento de Pol\u00edcia T\u00e9cnica (DPT), realizaram o levantamento cadav\u00e9rico. O acusado est\u00e1 foragido.<br style=\"color: #444444;\" \/><br style=\"color: #444444;\" \/><span style=\"color: #444444;\">No in\u00edcio deste m\u00eas, um caso semelhante foi bastante veiculado na imprensa, em que o tio terminou matando a sobrinha e deixou outra ferida a facadas, tamb\u00e9m por motivos financeiros, no bairro de Vilas do Atl\u00e2ntico, no munic\u00edpio de Lauro de Freitas na Regi\u00e3o Metropolitana de Salvador (RMS).<\/span><\/p>\n<p style=\"color: #444444;\"><input alt=\"\" src=\"http:\/\/www.bocaonews.com.br\/ckfinder\/userfiles\/fotos_e_imagens\/POLICIA\/RTEmagicC_irmas_face.jpg.jpg\" type=\"image\" \/><br \/>\nFoto: reprodu\u00e7\u00e3o redes sociais<\/p>\n","protected":false},"excerpt":{"rendered":"<p>Foto: reprodu\u00e7\u00e3o \/ Brunado Not\u00edcias Um homem identificado como Almerindo Rodrigues Cardoso, de 36 anos, foi preso acusado de homic\u00eddio no munic\u00edpio de Caetit\u00e9, no sudoeste baiano, neste domingo (28). De acordo com informa\u00e7\u00f5es publicadas pelo blog Brumado Not\u00edcias, Almerindo teria desferido golpe de faca no irm\u00e3o, Manoel Aparecido Rodrigues Cardoso, 32 anos, que morreu [&hellip;]<\/p>\n","protected":false},"author":2,"featured_media":0,"comment_status":"open","ping_status":"open","sticky":false,"template":"","format":"standard","meta":{"_links_to":"","_links_to_target":""},"categories":[6,1,7],"tags":[],"_links":{"self":[{"href":"https:\/\/www.blogdotarugao.com.br\/v1\/wp-json\/wp\/v2\/posts\/17090"}],"collection":[{"href":"https:\/\/www.blogdotarugao.com.br\/v1\/wp-json\/wp\/v2\/posts"}],"about":[{"href":"https:\/\/www.blogdotarugao.com.br\/v1\/wp-json\/wp\/v2\/types\/post"}],"author":[{"embeddable":true,"href":"https:\/\/www.blogdotarugao.com.br\/v1\/wp-json\/wp\/v2\/users\/2"}],"replies":[{"embeddable":true,"href":"https:\/\/www.blogdotarugao.com.br\/v1\/wp-json\/wp\/v2\/comments?post=17090"}],"version-history":[{"count":4,"href":"https:\/\/www.blogdotarugao.com.br\/v1\/wp-json\/wp\/v2\/posts\/17090\/revisions"}],"predecessor-version":[{"id":17099,"href":"https:\/\/www.blogdotarugao.com.br\/v1\/wp-json\/wp\/v2\/posts\/17090\/revisions\/17099"}],"wp:attachment":[{"href":"https:\/\/www.blogdotarugao.com.br\/v1\/wp-json\/wp\/v2\/media?parent=17090"}],"wp:term":[{"taxonomy":"category","embeddable":true,"href":"https:\/\/www.blogdotarugao.com.br\/v1\/wp-json\/wp\/v2\/categories?post=17090"},{"taxonomy":"post_tag","embeddable":true,"href":"https:\/\/www.blogdotarugao.com.br\/v1\/wp-json\/wp\/v2\/tags?post=17090"}],"curies":[{"name":"wp","href":"https:\/\/api.w.org\/{rel}","templated":true}]}}