{"id":17196,"date":"2014-10-01T20:27:48","date_gmt":"2014-10-01T23:27:48","guid":{"rendered":"http:\/\/www.blogdotarugao.com.br\/v1\/?p=17196"},"modified":"2014-10-01T20:27:48","modified_gmt":"2014-10-01T23:27:48","slug":"camara-de-vereadores-realiza-hoje-sessao-especial-para-discutir-projeto-minha-casa-minha-vida","status":"publish","type":"post","link":"https:\/\/www.blogdotarugao.com.br\/v1\/2014\/10\/01\/camara-de-vereadores-realiza-hoje-sessao-especial-para-discutir-projeto-minha-casa-minha-vida\/","title":{"rendered":"C\u00e2mara de Vereadores realiza hoje, Sess\u00e3o Especial para discutir projeto \u2018Minha casa, minha vida\u2019"},"content":{"rendered":"<p><img class=\"alignleft\" src=\"http:\/\/1.bp.blogspot.com\/-W4-SZbO0E94\/VCv55fv_MEI\/AAAAAAAB_cc\/vhWNiKIvSDA\/s400\/ImageProxy.gif\" alt=\"\" \/>Acontece logo mais \u00e0s 16 horas, no Plen\u00e1rio da C\u00e2mara Municipal de Vereadores, Sess\u00e3o especial para tratar dos crit\u00e9rios e propostas Municipais para a sele\u00e7\u00e3o de demanda habitacional de interesse social na entrega das casas que foram e ser\u00e3o constru\u00eddas e que fazem parte do Projeto Federal intitulado, \u201cMinha Casa, Minha Vida\u201d.<\/p>\n<p>O Requerimento de n\u00ba 168\/2014 partiu do Vereador Cosme Ara\u00fajo (PDT), que, preocupado com a situa\u00e7\u00e3o que ora se encontra alguns im\u00f3veis, vezes vazios, vezes alugados, em preju\u00edzo daquelas pessoas que realmente carecem de moradia. \u201c\u00c9 preciso que se fa\u00e7a justi\u00e7a, e de fato se comtemple as fam\u00edlias carentes\u201d, pontua.<\/p>\n<p>O Instituto de Pesquisa e Economia Aplicada (Ipea) divulgou recentemente nota t\u00e9cnica apontando que entre 2007 e 2012, o indicador de d\u00e9ficit habitacional no Brasil caiu de 5,59 milh\u00f5es para 5,24 milh\u00f5es. O estudo mostra que o d\u00e9ficit continua sendo majoritariamente nas fam\u00edlias mais pobres.<\/p>\n<p>Para esta sess\u00e3o foram convidados representantes da Caixa Econ\u00f4mica Federal; Secretaria de Desenvolvimento Social; Membros do Concidade; associa\u00e7\u00e3o dos moradores do Condom\u00ednio Morada do Porto; Teot\u00f4nio Vilela; moradores da Rua do Mosquito; Nossa Senhora da Vit\u00f3ria; fam\u00edlias que ainda moram no lix\u00e3o e, imprensa.<\/p>\n","protected":false},"excerpt":{"rendered":"<p>Acontece logo mais \u00e0s 16 horas, no Plen\u00e1rio da C\u00e2mara Municipal de Vereadores, Sess\u00e3o especial para tratar dos crit\u00e9rios e propostas Municipais para a sele\u00e7\u00e3o de demanda habitacional de interesse social na entrega das casas que foram e ser\u00e3o constru\u00eddas e que fazem parte do Projeto Federal intitulado, \u201cMinha Casa, Minha Vida\u201d. O Requerimento de [&hellip;]<\/p>\n","protected":false},"author":2,"featured_media":0,"comment_status":"open","ping_status":"open","sticky":false,"template":"","format":"standard","meta":{"_links_to":"","_links_to_target":""},"categories":[6,1,7],"tags":[],"_links":{"self":[{"href":"https:\/\/www.blogdotarugao.com.br\/v1\/wp-json\/wp\/v2\/posts\/17196"}],"collection":[{"href":"https:\/\/www.blogdotarugao.com.br\/v1\/wp-json\/wp\/v2\/posts"}],"about":[{"href":"https:\/\/www.blogdotarugao.com.br\/v1\/wp-json\/wp\/v2\/types\/post"}],"author":[{"embeddable":true,"href":"https:\/\/www.blogdotarugao.com.br\/v1\/wp-json\/wp\/v2\/users\/2"}],"replies":[{"embeddable":true,"href":"https:\/\/www.blogdotarugao.com.br\/v1\/wp-json\/wp\/v2\/comments?post=17196"}],"version-history":[{"count":1,"href":"https:\/\/www.blogdotarugao.com.br\/v1\/wp-json\/wp\/v2\/posts\/17196\/revisions"}],"predecessor-version":[{"id":17197,"href":"https:\/\/www.blogdotarugao.com.br\/v1\/wp-json\/wp\/v2\/posts\/17196\/revisions\/17197"}],"wp:attachment":[{"href":"https:\/\/www.blogdotarugao.com.br\/v1\/wp-json\/wp\/v2\/media?parent=17196"}],"wp:term":[{"taxonomy":"category","embeddable":true,"href":"https:\/\/www.blogdotarugao.com.br\/v1\/wp-json\/wp\/v2\/categories?post=17196"},{"taxonomy":"post_tag","embeddable":true,"href":"https:\/\/www.blogdotarugao.com.br\/v1\/wp-json\/wp\/v2\/tags?post=17196"}],"curies":[{"name":"wp","href":"https:\/\/api.w.org\/{rel}","templated":true}]}}