{"id":173210,"date":"2025-01-30T22:30:24","date_gmt":"2025-01-31T01:30:24","guid":{"rendered":"https:\/\/www.blogdotarugao.com.br\/v1\/?p=173210"},"modified":"2025-01-30T22:30:24","modified_gmt":"2025-01-31T01:30:24","slug":"mec-anuncia-reajuste-no-salario-de-professor-piso-vai-a-r-48-mil","status":"publish","type":"post","link":"https:\/\/www.blogdotarugao.com.br\/v1\/2025\/01\/30\/mec-anuncia-reajuste-no-salario-de-professor-piso-vai-a-r-48-mil\/","title":{"rendered":"MEC ANUNCIA REAJUSTE NO SAL\u00c1RIO DE PROFESSOR; PISO VAI A R$ 4,8 MIL"},"content":{"rendered":"<h3><img loading=\"lazy\" class=\"alignnone  wp-image-90585 alignleft\" src=\"https:\/\/www.blogdotarugao.com.br\/v1\/wp-content\/uploads\/2017\/11\/professora_quadro_negro_3-300x200.jpg\" alt=\"\" width=\"581\" height=\"387\" srcset=\"https:\/\/www.blogdotarugao.com.br\/v1\/wp-content\/uploads\/2017\/11\/professora_quadro_negro_3-300x200.jpg 300w, https:\/\/www.blogdotarugao.com.br\/v1\/wp-content\/uploads\/2017\/11\/professora_quadro_negro_3.jpg 320w\" sizes=\"(max-width: 581px) 100vw, 581px\" \/><\/h3>\n<h3 class=\"bullet mt-0\">O ministro da Educa\u00e7\u00e3o, Camilo Santana (PT), anunciou nesta quinta-feira (30) o reajuste no\u00a0<a href=\"https:\/\/educacao.uol.com.br\/noticias\/2024\/03\/06\/reajuste-salarial-professores-impasse-mec.htm\" target=\"_blank\" rel=\"noopener\">piso salarial de professores<\/a>\u00a0para R$ 4.867,77.<\/h3>\n<div class=\"my-250\" data-cp-id=\"203940238sdf098098sdf9\" data-v-81fa55cf=\"\" data-v-232111b4=\"\">\n<div data-v-81fa55cf=\"\"><strong>O reajuste de 6,27% vale para todos os professores da educa\u00e7\u00e3o b\u00e1sica do Brasil.<\/strong>\u00a0O sal\u00e1rio dos educadores estava em R$ 4.580.<\/div>\n<\/div>\n<div class=\"my-250\" data-cp-id=\"203940238sdf098098sdf9\" data-v-81fa55cf=\"\" data-v-232111b4=\"\">\n<div data-v-81fa55cf=\"\"><strong>O novo valor \u00e9 v\u00e1lido para professores que atuam em jornadas de 40 horas semanais. <\/strong>O reajuste do piso est\u00e1 previsto na Lei do Magist\u00e9rio de 2008 e confirmado pelo\u00a0<a href=\"https:\/\/educacao.uol.com.br\/faq\/mec-o-que-significa-como-consultar-instituicoes-e-outras-duvidas.htm\">MEC<\/a>\u00a0todo in\u00edcio de ano.<\/div>\n<\/div>\n<h3 class=\"bullet mt-0\"><span class=\"topicText\"><strong>Reajuste tem efeitos a partir de 1\u00ba de janeiro<\/strong>. &#8220;Valoriza\u00e7\u00e3o dos nossos professores&#8221;, escreveu o ministro nas redes sociais com uma foto assinando a portaria.<\/span><\/h3>\n<div class=\"my-250\" data-cp-id=\"203940238sdf098098sdf9\" data-v-81fa55cf=\"\" data-v-232111b4=\"\">\n<div data-v-81fa55cf=\"\"><strong>Apesar de estar na lei, muitos munic\u00edpios n\u00e3o cumprem o piso<\/strong>. Conforme mostrou\u00a0<a href=\"https:\/\/educacao.uol.com.br\/noticias\/2024\/03\/06\/reajuste-salarial-professores-impasse-mec.htm\" target=\"_blank\" rel=\"noopener\">reportagem<\/a>\u00a0do\u00a0<strong>UOL,\u00a0<\/strong>com as mudan\u00e7as do Fundeb, principal instrumento de financiamento da educa\u00e7\u00e3o b\u00e1sica, munic\u00edpios passaram a questionar a &#8220;seguran\u00e7a jur\u00eddica&#8221; da legisla\u00e7\u00e3o \u2014 a conta para a revis\u00e3o do sal\u00e1rio dos educadores est\u00e1 atrelada ao valor do fundo anualmente, por aluno.<\/div>\n<\/div>\n<div data-metric-slot=\"text-5\" data-nosnippet=\"\" data-v-232111b4=\"\">\n<div class=\"my-250\" data-cp-id=\"203940238sdf098098sdf9\" data-v-81fa55cf=\"\" data-v-232111b4=\"\">\n<h3><strong>Eles justificam que o c\u00e1lculo atual n\u00e3o d\u00e1 previsibilidade e estabilidade<\/strong>. Em 2022, o reajuste foi de 33%, por exemplo, j\u00e1 em 2024 3,62% \u2014 abaixo da\u00a0<a href=\"https:\/\/economia.uol.com.br\/guia-de-economia\/inflacao\/\">infla\u00e7\u00e3o<\/a>\u00a0daquele ano. Diferentes projetos j\u00e1 foram apresentados por deputados e senadores ao longo dos anos, mas o entendimento de diferentes setores \u00e9 que a proposta deve vir do MEC. Com as elei\u00e7\u00f5es municipais o tema n\u00e3o avan\u00e7ou em 2024.<\/h3>\n<div data-v-81fa55cf=\"\">RK<\/div>\n<\/div>\n<\/div>\n","protected":false},"excerpt":{"rendered":"<p>O ministro da Educa\u00e7\u00e3o, Camilo Santana (PT), anunciou nesta quinta-feira (30) o reajuste no\u00a0piso salarial de professores\u00a0para R$ 4.867,77. O reajuste de 6,27% vale para todos os professores da educa\u00e7\u00e3o b\u00e1sica do Brasil.\u00a0O sal\u00e1rio dos educadores estava em R$ 4.580. O novo valor \u00e9 v\u00e1lido para professores que atuam em jornadas de 40 horas semanais. [&hellip;]<\/p>\n","protected":false},"author":2,"featured_media":90585,"comment_status":"open","ping_status":"open","sticky":false,"template":"","format":"standard","meta":{"_links_to":"","_links_to_target":""},"categories":[1],"tags":[],"_links":{"self":[{"href":"https:\/\/www.blogdotarugao.com.br\/v1\/wp-json\/wp\/v2\/posts\/173210"}],"collection":[{"href":"https:\/\/www.blogdotarugao.com.br\/v1\/wp-json\/wp\/v2\/posts"}],"about":[{"href":"https:\/\/www.blogdotarugao.com.br\/v1\/wp-json\/wp\/v2\/types\/post"}],"author":[{"embeddable":true,"href":"https:\/\/www.blogdotarugao.com.br\/v1\/wp-json\/wp\/v2\/users\/2"}],"replies":[{"embeddable":true,"href":"https:\/\/www.blogdotarugao.com.br\/v1\/wp-json\/wp\/v2\/comments?post=173210"}],"version-history":[{"count":1,"href":"https:\/\/www.blogdotarugao.com.br\/v1\/wp-json\/wp\/v2\/posts\/173210\/revisions"}],"predecessor-version":[{"id":173211,"href":"https:\/\/www.blogdotarugao.com.br\/v1\/wp-json\/wp\/v2\/posts\/173210\/revisions\/173211"}],"wp:featuredmedia":[{"embeddable":true,"href":"https:\/\/www.blogdotarugao.com.br\/v1\/wp-json\/wp\/v2\/media\/90585"}],"wp:attachment":[{"href":"https:\/\/www.blogdotarugao.com.br\/v1\/wp-json\/wp\/v2\/media?parent=173210"}],"wp:term":[{"taxonomy":"category","embeddable":true,"href":"https:\/\/www.blogdotarugao.com.br\/v1\/wp-json\/wp\/v2\/categories?post=173210"},{"taxonomy":"post_tag","embeddable":true,"href":"https:\/\/www.blogdotarugao.com.br\/v1\/wp-json\/wp\/v2\/tags?post=173210"}],"curies":[{"name":"wp","href":"https:\/\/api.w.org\/{rel}","templated":true}]}}