{"id":17337,"date":"2014-10-05T23:51:21","date_gmt":"2014-10-06T02:51:21","guid":{"rendered":"http:\/\/www.blogdotarugao.com.br\/v1\/?p=17337"},"modified":"2014-10-06T09:04:26","modified_gmt":"2014-10-06T12:04:26","slug":"confira-a-lista-dos-deputados-estaduais-eleitos","status":"publish","type":"post","link":"https:\/\/www.blogdotarugao.com.br\/v1\/2014\/10\/05\/confira-a-lista-dos-deputados-estaduais-eleitos\/","title":{"rendered":"CONFIRA A LISTA DOS DEPUTADOS ESTADUAIS ELEITOS"},"content":{"rendered":"<div class=\"editor clear\" style=\"color: #444444;\">\n<div id=\"conteudoNoticia\" class=\"news-editor\" style=\"color: #444444;\">\n<p>Al\u00e9m da elei\u00e7\u00e3o do governador petista Rui Costa, em primeiro turno, as urnas tamb\u00e9m definiram uma nova composi\u00e7\u00e3o para a Assembleia Legislativa da Bahia neste 5 de outubro. Entre os mais votados que j\u00e1 possu\u00edam mandato, o presidente da Casa, deputado estadual Marcelo Nilo (PDT), o pasto Sargento Isid\u00f3rio (PSC) , Rog\u00e9rio Andrade (PSD), Bruno Reis (PMDB) e Z\u00e9 Neto (PT).<\/p>\n<p><img loading=\"lazy\" src=\"http:\/\/www.bocaonews.com.br\/ckfinder\/userfiles\/files\/Assembleia-Legislativa.jpg\" alt=\"\" width=\"511\" height=\"383\" \/><br \/>\nDa C\u00e2mara Municipal de Salvador, elegeram-se Soldado Prisco (PSDB), Alan Castro (PTN),David Rios(PROS), Marcell Moraes (PV) e Fab\u00edola Mansur (PSB).<\/div>\n<div class=\"news-editor\" style=\"color: #444444;\">\nFicaram de fora nomes que j\u00e1 possu\u00edam mandato como o de Bira Coroa (PT), Tim\u00f3teo Brito (PSD), \u00c2ngelo Almeida (PT) e J Carlos (PT).<\/p>\n<p>Confira a rela\u00e7\u00e3o dos deputados estaduais eleitos.<\/p><\/div>\n<div class=\"news-editor\" style=\"color: #444444;\"><\/div>\n<div class=\"news-editor\" style=\"color: #444444;\"><\/div>\n<div class=\"news-editor\" style=\"color: #444444;\"><input alt=\"\" src=\"http:\/\/www.bocaonews.com.br\/ckfinder\/userfiles\/files\/depest1.jpg\" type=\"image\" \/><input alt=\"\" src=\"http:\/\/www.bocaonews.com.br\/ckfinder\/userfiles\/files\/depest2.jpg\" type=\"image\" \/><input alt=\"\" src=\"http:\/\/www.bocaonews.com.br\/ckfinder\/userfiles\/files\/depest3.jpg\" type=\"image\" \/><\/p>\n<\/div>\n<\/div>\n<p>&nbsp;<\/p>\n<p>&nbsp;<\/p>\n","protected":false},"excerpt":{"rendered":"<p>Al\u00e9m da elei\u00e7\u00e3o do governador petista Rui Costa, em primeiro turno, as urnas tamb\u00e9m definiram uma nova composi\u00e7\u00e3o para a Assembleia Legislativa da Bahia neste 5 de outubro. Entre os mais votados que j\u00e1 possu\u00edam mandato, o presidente da Casa, deputado estadual Marcelo Nilo (PDT), o pasto Sargento Isid\u00f3rio (PSC) , Rog\u00e9rio Andrade (PSD), Bruno [&hellip;]<\/p>\n","protected":false},"author":2,"featured_media":0,"comment_status":"open","ping_status":"open","sticky":false,"template":"","format":"standard","meta":{"_links_to":"","_links_to_target":""},"categories":[6,7],"tags":[],"_links":{"self":[{"href":"https:\/\/www.blogdotarugao.com.br\/v1\/wp-json\/wp\/v2\/posts\/17337"}],"collection":[{"href":"https:\/\/www.blogdotarugao.com.br\/v1\/wp-json\/wp\/v2\/posts"}],"about":[{"href":"https:\/\/www.blogdotarugao.com.br\/v1\/wp-json\/wp\/v2\/types\/post"}],"author":[{"embeddable":true,"href":"https:\/\/www.blogdotarugao.com.br\/v1\/wp-json\/wp\/v2\/users\/2"}],"replies":[{"embeddable":true,"href":"https:\/\/www.blogdotarugao.com.br\/v1\/wp-json\/wp\/v2\/comments?post=17337"}],"version-history":[{"count":3,"href":"https:\/\/www.blogdotarugao.com.br\/v1\/wp-json\/wp\/v2\/posts\/17337\/revisions"}],"predecessor-version":[{"id":17344,"href":"https:\/\/www.blogdotarugao.com.br\/v1\/wp-json\/wp\/v2\/posts\/17337\/revisions\/17344"}],"wp:attachment":[{"href":"https:\/\/www.blogdotarugao.com.br\/v1\/wp-json\/wp\/v2\/media?parent=17337"}],"wp:term":[{"taxonomy":"category","embeddable":true,"href":"https:\/\/www.blogdotarugao.com.br\/v1\/wp-json\/wp\/v2\/categories?post=17337"},{"taxonomy":"post_tag","embeddable":true,"href":"https:\/\/www.blogdotarugao.com.br\/v1\/wp-json\/wp\/v2\/tags?post=17337"}],"curies":[{"name":"wp","href":"https:\/\/api.w.org\/{rel}","templated":true}]}}