{"id":17364,"date":"2014-10-06T21:40:03","date_gmt":"2014-10-07T00:40:03","guid":{"rendered":"http:\/\/www.blogdotarugao.com.br\/v1\/?p=17364"},"modified":"2014-10-06T21:40:03","modified_gmt":"2014-10-07T00:40:03","slug":"campanha-para-segundo-turno-das-eleicoes-comeca-oficialmente-as-17h","status":"publish","type":"post","link":"https:\/\/www.blogdotarugao.com.br\/v1\/2014\/10\/06\/campanha-para-segundo-turno-das-eleicoes-comeca-oficialmente-as-17h\/","title":{"rendered":"Campanha para segundo turno das elei\u00e7\u00f5es come\u00e7a oficialmente \u00e0s 17h"},"content":{"rendered":"<p style=\"color: #000000;\"><img loading=\"lazy\" src=\"http:\/\/og.infg.com.br\/in\/14156567-15a-e0e\/FT1086A\/420\/2014-754790000-2014-752011024-2014091656574.jpg_20140916.jpg_20140926.jpg\" alt=\"\" width=\"534\" height=\"321\" \/><\/p>\n<p style=\"color: #000000;\">RIO \u2014 Apesar de o clima eleitoral n\u00e3o dissociar o resultado das urnas do in\u00edcio da corrida para o segundo turno, a propaganda eleitoral s\u00f3 come\u00e7a oficialmente \u00e0s 17h desta segunda-feira, depois de 24 horas do fim da vota\u00e7\u00e3o, segundo o C\u00f3digo Eleitoral. \u00c9 a partir desta hora que os candidatos podem voltar a usar alto-falantes e amplificadores de som, al\u00e9m de realizar com\u00edcios e distribuir material de propaganda, como panfletos e santinhos. Caso os candidatos pe\u00e7am votos antes deste hor\u00e1rio, de acordo com o TSE, a ocorr\u00eancia pode configurar propaganda antecipada. J\u00e1 a propaganda na TV e no r\u00e1dio, agora apenas com quatro candidatos nos estados em que houver segundo turno, s\u00f3 reinicia no dia 11, pr\u00f3ximo s\u00e1bado. Confira a seguir os pr\u00f3ximos passos no calend\u00e1rio eleitoral:<\/p>\n<p style=\"color: #000000;\"><strong style=\"font-weight: bold;\">PRIS\u00c3O LIBERADA<\/strong><\/p>\n<p style=\"color: #000000;\">Na quarta-feira \u00e0s 17h, decorridas 48 horas do t\u00e9rmino do primeiro turno, acaba tamb\u00e9m o per\u00edodo de cinco dias em que nenhum eleitor e candidato poder\u00e1 ser preso ou detido, a n\u00e3o ser em flagrante ou por senten\u00e7a criminal condenat\u00f3ria por crime inafian\u00e7\u00e1vel. Essa prerrogativa, para os eleitores, volta a valer no dia 21, j\u00e1 para o segundo turno. Para os candidatos, a restri\u00e7\u00f5es para as pris\u00f5es volta j\u00e1 no dia 11.<\/p>\n<p style=\"color: #000000;\"><strong style=\"font-weight: bold;\">PROPAGANDA ELEITORAL GRATUITA<\/strong><\/p>\n<p style=\"color: #000000;\">O dia 11 de outubro (s\u00e1bado) \u00e9 a data-limite para o recome\u00e7o do hor\u00e1rio eleitoral gratuito, nas emissoras de TV e r\u00e1dio. Para essa nova etapa, o hor\u00e1rio eleitoral ser\u00e1 dividido igualmente entre os candidatos. Exibidos de segunda a domingo, os programas totalizar\u00e3o 220 minutos diariamente. Nos estados em que a disputa para governador terminou no domingo, a propaganda eleitoral ser\u00e1 cortada pela metade, ou seja, ter\u00e1 110 minutos di\u00e1rios. A propaganda s\u00f3 termina no dia 24 de outubro, sexta-feira. A sexta-feira marca ainda a ultimo dia para a realiza\u00e7\u00e3o de debate, sendo que ele n\u00e3o pode estender-se al\u00e9m do hor\u00e1rio de meia-noite.<\/p>\n<p style=\"color: #000000;\"><strong style=\"font-weight: bold;\">MES\u00c1RIOS<\/strong><\/p>\n<p style=\"color: #000000;\">O dia 8 de outubro, quarta-feira, \u00e9 o \u00faltimo para o mes\u00e1rio que abandonou os trabalhos durante a vota\u00e7\u00e3o apresentar ao Ju\u00edzo Eleitoral sua justificativa para a aus\u00eancia. J\u00e1 a v\u00e9spera do segundo turno, no dia 25, marca o prazo para o Tribunal Superior Eleitoral tornar dispon\u00edvel, na sua p\u00e1gina na internet, a tabela de correspond\u00eancias esperadas entre urnas eletr\u00f4nicas e se\u00e7\u00e3o eleitoral.<\/p>\n<p style=\"color: #000000;\">O segundo turno eleitoral acontecer\u00e1 no pr\u00f3ximo dia 26, e a vota\u00e7\u00e3o vai das 8h at\u00e9 as 17h. Os eleitores precisam comparecer \u00e0s suas se\u00e7\u00f5es eleitorais munidos de um documento oficial com foto.<\/p>\n","protected":false},"excerpt":{"rendered":"<p>RIO \u2014 Apesar de o clima eleitoral n\u00e3o dissociar o resultado das urnas do in\u00edcio da corrida para o segundo turno, a propaganda eleitoral s\u00f3 come\u00e7a oficialmente \u00e0s 17h desta segunda-feira, depois de 24 horas do fim da vota\u00e7\u00e3o, segundo o C\u00f3digo Eleitoral. \u00c9 a partir desta hora que os candidatos podem voltar a usar [&hellip;]<\/p>\n","protected":false},"author":2,"featured_media":0,"comment_status":"open","ping_status":"open","sticky":false,"template":"","format":"standard","meta":{"_links_to":"","_links_to_target":""},"categories":[5,7],"tags":[],"_links":{"self":[{"href":"https:\/\/www.blogdotarugao.com.br\/v1\/wp-json\/wp\/v2\/posts\/17364"}],"collection":[{"href":"https:\/\/www.blogdotarugao.com.br\/v1\/wp-json\/wp\/v2\/posts"}],"about":[{"href":"https:\/\/www.blogdotarugao.com.br\/v1\/wp-json\/wp\/v2\/types\/post"}],"author":[{"embeddable":true,"href":"https:\/\/www.blogdotarugao.com.br\/v1\/wp-json\/wp\/v2\/users\/2"}],"replies":[{"embeddable":true,"href":"https:\/\/www.blogdotarugao.com.br\/v1\/wp-json\/wp\/v2\/comments?post=17364"}],"version-history":[{"count":1,"href":"https:\/\/www.blogdotarugao.com.br\/v1\/wp-json\/wp\/v2\/posts\/17364\/revisions"}],"predecessor-version":[{"id":17366,"href":"https:\/\/www.blogdotarugao.com.br\/v1\/wp-json\/wp\/v2\/posts\/17364\/revisions\/17366"}],"wp:attachment":[{"href":"https:\/\/www.blogdotarugao.com.br\/v1\/wp-json\/wp\/v2\/media?parent=17364"}],"wp:term":[{"taxonomy":"category","embeddable":true,"href":"https:\/\/www.blogdotarugao.com.br\/v1\/wp-json\/wp\/v2\/categories?post=17364"},{"taxonomy":"post_tag","embeddable":true,"href":"https:\/\/www.blogdotarugao.com.br\/v1\/wp-json\/wp\/v2\/tags?post=17364"}],"curies":[{"name":"wp","href":"https:\/\/api.w.org\/{rel}","templated":true}]}}