{"id":17384,"date":"2014-10-07T09:27:37","date_gmt":"2014-10-07T12:27:37","guid":{"rendered":"http:\/\/www.blogdotarugao.com.br\/v1\/?p=17384"},"modified":"2014-10-07T09:27:37","modified_gmt":"2014-10-07T12:27:37","slug":"impugnado-herzem-vai-ao-tse-em-busca-de-vaga-ocupada-por-janio-natal","status":"publish","type":"post","link":"https:\/\/www.blogdotarugao.com.br\/v1\/2014\/10\/07\/impugnado-herzem-vai-ao-tse-em-busca-de-vaga-ocupada-por-janio-natal\/","title":{"rendered":"Impugnado, Herzem vai ao TSE em busca de vaga ocupada por J\u00e2nio Natal"},"content":{"rendered":"<p><img src=\"http:\/\/www.tribunadaconquista.com.br\/v1\/wp-content\/uploads\/2014\/08\/foto-herzem31.jpg\" alt=\"foto herzem3\" \/><\/p>\n<p><span style=\"color: #444444;\">Em sua segunda participa\u00e7\u00e3o na R\u00e1dio Clube de Conquista ap\u00f3s as elei\u00e7\u00f5es, nesta segunda-feira (6), o radialista Herzem Gusm\u00e3o Pereira, que disputou, mas teve a candidatura impugnada pela Justi\u00e7a Eleitoral, disse que ser v\u00edtima da maior persegui\u00e7\u00e3o pol\u00edtica da hist\u00f3ria de Vit\u00f3ria da Conquista.<\/span><br style=\"color: #444444;\" \/><br style=\"color: #444444;\" \/><span style=\"color: #444444;\">&#8220;Estou sendo condenado por minha profiss\u00e3o. \u00c9 como fosse um pedreiro fosse condenado por que pega a colher com pedreiro com barro e com cimento e joga na parede. Observe que eu n\u00e3o difamei, n\u00e3o teve cal\u00fania, apenas coment\u00e1rios de 2011 que a justi\u00e7a entendeu que eu desequilibrei o processo eleitoral&#8221;, disse o peemedebista.<\/span><\/p>\n<p><img src=\"https:\/\/fbcdn-sphotos-f-a.akamaihd.net\/hphotos-ak-xpa1\/v\/t1.0-9\/1011268_601425369983740_5553417374434034583_n.png?oh=e83f05307646eeedebf485df94c321a4&amp;oe=54AB8D73&amp;__gda__=1420453454_62c185fa277bf03ccc7cab059949ad70\" alt=\"\" \/><br style=\"color: #444444;\" \/><span style=\"color: #444444;\">Ainda de acordo com Herzem, ele estar\u00e1 seguindo para Salvador para os ajustes de sua candidatura impugnada. \u00a0&#8220;Quem votou em mim, os votos est\u00e3o em separados e eles s\u00f3 ser\u00e3o anulados se eu for condenado no Tribunal Superior Eleitoral.<\/span><br style=\"color: #444444;\" \/><br style=\"color: #444444;\" \/><span style=\"color: #444444;\">Depois eu vou recorrer pra o STJ [Supremo Tribunal de Justi\u00e7a], se eu perder eu osso recorrer ao Supremo Tribunal Federal. Ent\u00e3o tem muito caminho para andar e o processo n\u00e3o saiu ainda sequer do TSE. N\u00e3o est\u00e1 concluso, est\u00e1 sub judice&#8221;, complementa. \u00a0<\/span><br style=\"color: #444444;\" \/><br style=\"color: #444444;\" \/><span style=\"color: #444444;\">Segundo Gusm\u00e3o, ele, que teve mais de 40 mil votos, mas com os preju\u00edzos deste imbr\u00f3glio acabou perdendo mais de 20 mil, ainda tem chances ser empossado na Assembleia Legislativa da Bahia, ocupando a vaga do deputado eleito, J\u00e2nio Natal (PRP). Informa\u00e7\u00f5es do Blog do Anderson.<\/span><\/p>\n","protected":false},"excerpt":{"rendered":"<p>Em sua segunda participa\u00e7\u00e3o na R\u00e1dio Clube de Conquista ap\u00f3s as elei\u00e7\u00f5es, nesta segunda-feira (6), o radialista Herzem Gusm\u00e3o Pereira, que disputou, mas teve a candidatura impugnada pela Justi\u00e7a Eleitoral, disse que ser v\u00edtima da maior persegui\u00e7\u00e3o pol\u00edtica da hist\u00f3ria de Vit\u00f3ria da Conquista.&#8220;Estou sendo condenado por minha profiss\u00e3o. \u00c9 como fosse um pedreiro fosse [&hellip;]<\/p>\n","protected":false},"author":2,"featured_media":0,"comment_status":"open","ping_status":"open","sticky":false,"template":"","format":"standard","meta":{"_links_to":"","_links_to_target":""},"categories":[6,21,29,1,7,3],"tags":[],"_links":{"self":[{"href":"https:\/\/www.blogdotarugao.com.br\/v1\/wp-json\/wp\/v2\/posts\/17384"}],"collection":[{"href":"https:\/\/www.blogdotarugao.com.br\/v1\/wp-json\/wp\/v2\/posts"}],"about":[{"href":"https:\/\/www.blogdotarugao.com.br\/v1\/wp-json\/wp\/v2\/types\/post"}],"author":[{"embeddable":true,"href":"https:\/\/www.blogdotarugao.com.br\/v1\/wp-json\/wp\/v2\/users\/2"}],"replies":[{"embeddable":true,"href":"https:\/\/www.blogdotarugao.com.br\/v1\/wp-json\/wp\/v2\/comments?post=17384"}],"version-history":[{"count":1,"href":"https:\/\/www.blogdotarugao.com.br\/v1\/wp-json\/wp\/v2\/posts\/17384\/revisions"}],"predecessor-version":[{"id":17386,"href":"https:\/\/www.blogdotarugao.com.br\/v1\/wp-json\/wp\/v2\/posts\/17384\/revisions\/17386"}],"wp:attachment":[{"href":"https:\/\/www.blogdotarugao.com.br\/v1\/wp-json\/wp\/v2\/media?parent=17384"}],"wp:term":[{"taxonomy":"category","embeddable":true,"href":"https:\/\/www.blogdotarugao.com.br\/v1\/wp-json\/wp\/v2\/categories?post=17384"},{"taxonomy":"post_tag","embeddable":true,"href":"https:\/\/www.blogdotarugao.com.br\/v1\/wp-json\/wp\/v2\/tags?post=17384"}],"curies":[{"name":"wp","href":"https:\/\/api.w.org\/{rel}","templated":true}]}}