{"id":173891,"date":"2025-04-01T22:02:56","date_gmt":"2025-04-02T01:02:56","guid":{"rendered":"https:\/\/www.blogdotarugao.com.br\/v1\/?p=173891"},"modified":"2025-04-01T22:02:56","modified_gmt":"2025-04-02T01:02:56","slug":"dia-02-de-abril-dia-mundial-de-conscientizacao-do-autismo","status":"publish","type":"post","link":"https:\/\/www.blogdotarugao.com.br\/v1\/2025\/04\/01\/dia-02-de-abril-dia-mundial-de-conscientizacao-do-autismo\/","title":{"rendered":"DIA 02 DE ABRIL &#8211; DIA MUNDIAL DE CONSCIENTIZA\u00c7\u00c3O DO AUTISMO"},"content":{"rendered":"<div class=\"WaaZC\">\n<div data-hveid=\"CBcQAQ\" data-ved=\"2ahUKEwihxt2EgriMAxWOiJUCHfrTCokQo_EKegQIFxAB\"><img loading=\"lazy\" class=\"alignnone  wp-image-173892\" src=\"https:\/\/www.blogdotarugao.com.br\/v1\/wp-content\/uploads\/2025\/04\/autismo.jpg\" alt=\"\" width=\"580\" height=\"435\" \/><\/div>\n<div class=\"rPeykc\" data-hveid=\"CBcQAQ\" data-ved=\"2ahUKEwihxt2EgriMAxWOiJUCHfrTCokQo_EKegQIFxAB\"><span class=\"\" data-huuid=\"10140608738595863277\">O dia 2 de abril \u00e9 o\u00a0<mark class=\"QVRyCf\">Dia Mundial de Conscientiza\u00e7\u00e3o do Autismo<\/mark>.\u00a0<\/span><span class=\"\" data-huuid=\"10140608738595863082\">A data foi institu\u00edda pela ONU em 2007, com os objetivos:<\/span><\/p>\n<div class=\"NPrrbc\" data-cid=\"b9b5fdc2-0f3e-4727-834d-63bab98d33cd\" data-uuids=\"10140608738595863277,10140608738595863082\">\n<div class=\"BMebGe btku5b fCrZyc LwdV0e FR7ZSc OJeuxf\" tabindex=\"0\" role=\"button\" aria-label=\"Mostrar links relacionados\" data-hveid=\"CBAQAQ\" data-ved=\"2ahUKEwihxt2EgriMAxWOiJUCHfrTCokQ3fYKegQIEBAB\">\n<div class=\"niO4u\">\n<div class=\"kHtcsd\"><\/div>\n<\/div>\n<\/div>\n<\/div>\n<\/div>\n<div data-hveid=\"CBcQAQ\" data-ved=\"2ahUKEwihxt2EgriMAxWOiJUCHfrTCokQo_EKegQIFxAB\"><strong>Alertar sobre o autismo e combater preconceitos,<\/strong><\/div>\n<\/div>\n<div class=\"WaaZC\">\n<p><strong>Incentivar a sociedade e institui\u00e7\u00f5es a debaterem o assunto,<\/strong><\/p>\n<p><strong>Ressaltar a necessidade de novos programas de apoio para as pessoas com autismo.<\/strong><\/p>\n<p><em>Vereador<\/em> Eliomar Alves Barreira Castro ( Tarug\u00e3o ), destaca a import\u00e2ncia do <em>apoio<\/em>\u00a0\u00e0 luta por direitos e inclus\u00e3o das pessoas\u00a0<em>autistas<\/em>\u00a0na sociedade.<\/p>\n<p>Na C\u00e2mara de Vereadores de Itapetinga, vem se destacando como o vereador que mais fez proposi\u00e7\u00f5es que beneficiasse os portadores Transtorno do Espectro Autista (TEA), confira as mat\u00e9rias legislativas:<\/p>\n<p>PROJETO DE LEI<\/p>\n<p>-\u201cAutoriza o Executivo Municipal, a criar o Programa APOIA, de apoio ao professor, orientando e informando sobre o Transtorno do Espectro Autista (TEA), na rede municipal de ensino, e da outras provid\u00eancias\u201d.<\/p>\n<p>-\u201cPrev\u00ea o dia de lazer de Pessoa com Transtorno do Espectro Autista (TEA) no munic\u00edpio de Itapetinga, e d\u00e1 outras provid\u00eancias.\u201d<\/p>\n<p>-\u201cInstitui a Carteira de Identifica\u00e7\u00e3o da Pessoa com Transtorno do Espectro Autista (Ciptea) no munic\u00edpio de Itapetinga, e d\u00e1 outras provid\u00eancias.\u201d<\/p>\n<p>-Limita a dist\u00e2ncia de emiss\u00e3o de sons e ru\u00eddos que prejudiquem o bem estar do portador de Transtorno do Espectro autista em espa\u00e7os p\u00fablicos.<\/p>\n<p>INDICA\u00c7\u00c3O<\/p>\n<p>-Indico que o Poder Executivo envie \u00e0 esta Casa Legislativa um Projeto de Lei que disponha sobre a obrigatoriedade do poder p\u00fablico em fornecer protetores auriculares, conhecidos como abafadores de ru\u00eddo, para pessoas com Transtorno do Espectro Autista (TEA) e hipersensibilidade Auditiva, conforme esbo\u00e7o de Projeto de Lei em anexo.<\/p>\n<p>-Indico que seja implantado pelas secretarias municipais Educa\u00e7\u00e3o, Esporte e Sa\u00fade um projeto voltado ao autismo, como a cria\u00e7\u00e3o de um espa\u00e7o sensorial para crian\u00e7as com Transtorno de Espectro Autista (TEA).<\/p>\n<p>-Indico que seja implantado em Itapetinga Centro de Refer\u00eancia Municipal para Pessoas com Transtorno do Espectro Autista.<\/p>\n<p>MO\u00c7\u00c3O<\/p>\n<p>-MO\u00c7\u00c3O DE APLAUSO em homenagem aos pais do grupo \u201c Vamos Falar Sobre Autismo\u201d.<\/p>\n<p>PROJETO DE LEI-\u00a0 04<\/p>\n<p>INDICA\u00c7\u00c3O-\u00a0\u00a0\u00a0\u00a0\u00a0\u00a0\u00a0\u00a0\u00a0 03<\/p>\n<p>MO\u00c7\u00c3O-\u00a0\u00a0\u00a0\u00a0\u00a0\u00a0\u00a0\u00a0\u00a0\u00a0\u00a0\u00a0\u00a0\u00a0\u00a0 01<\/p>\n<p>RK<\/p>\n<\/div>\n","protected":false},"excerpt":{"rendered":"<p>O dia 2 de abril \u00e9 o\u00a0Dia Mundial de Conscientiza\u00e7\u00e3o do Autismo.\u00a0A data foi institu\u00edda pela ONU em 2007, com os objetivos: Alertar sobre o autismo e combater preconceitos, Incentivar a sociedade e institui\u00e7\u00f5es a debaterem o assunto, Ressaltar a necessidade de novos programas de apoio para as pessoas com autismo. Vereador Eliomar Alves Barreira [&hellip;]<\/p>\n","protected":false},"author":2,"featured_media":173892,"comment_status":"open","ping_status":"open","sticky":false,"template":"","format":"standard","meta":{"_links_to":"","_links_to_target":""},"categories":[1],"tags":[],"_links":{"self":[{"href":"https:\/\/www.blogdotarugao.com.br\/v1\/wp-json\/wp\/v2\/posts\/173891"}],"collection":[{"href":"https:\/\/www.blogdotarugao.com.br\/v1\/wp-json\/wp\/v2\/posts"}],"about":[{"href":"https:\/\/www.blogdotarugao.com.br\/v1\/wp-json\/wp\/v2\/types\/post"}],"author":[{"embeddable":true,"href":"https:\/\/www.blogdotarugao.com.br\/v1\/wp-json\/wp\/v2\/users\/2"}],"replies":[{"embeddable":true,"href":"https:\/\/www.blogdotarugao.com.br\/v1\/wp-json\/wp\/v2\/comments?post=173891"}],"version-history":[{"count":1,"href":"https:\/\/www.blogdotarugao.com.br\/v1\/wp-json\/wp\/v2\/posts\/173891\/revisions"}],"predecessor-version":[{"id":173893,"href":"https:\/\/www.blogdotarugao.com.br\/v1\/wp-json\/wp\/v2\/posts\/173891\/revisions\/173893"}],"wp:featuredmedia":[{"embeddable":true,"href":"https:\/\/www.blogdotarugao.com.br\/v1\/wp-json\/wp\/v2\/media\/173892"}],"wp:attachment":[{"href":"https:\/\/www.blogdotarugao.com.br\/v1\/wp-json\/wp\/v2\/media?parent=173891"}],"wp:term":[{"taxonomy":"category","embeddable":true,"href":"https:\/\/www.blogdotarugao.com.br\/v1\/wp-json\/wp\/v2\/categories?post=173891"},{"taxonomy":"post_tag","embeddable":true,"href":"https:\/\/www.blogdotarugao.com.br\/v1\/wp-json\/wp\/v2\/tags?post=173891"}],"curies":[{"name":"wp","href":"https:\/\/api.w.org\/{rel}","templated":true}]}}