{"id":173899,"date":"2025-04-03T19:00:34","date_gmt":"2025-04-03T22:00:34","guid":{"rendered":"https:\/\/www.blogdotarugao.com.br\/v1\/?p=173899"},"modified":"2025-04-03T19:02:03","modified_gmt":"2025-04-03T22:02:03","slug":"triste-professora-e-esfaqueada-por-alunos-do-7o-ano","status":"publish","type":"post","link":"https:\/\/www.blogdotarugao.com.br\/v1\/2025\/04\/03\/triste-professora-e-esfaqueada-por-alunos-do-7o-ano\/","title":{"rendered":"TRISTE: PROFESSORA \u00c9 ESFAQUEADA POR ALUNOS DO 7\u00ba ANO"},"content":{"rendered":"<div class=\"mc-article-header\">\n<div class=\"row content-head mc-column non-featured \">\n<div class=\"title\" data-block-type=\"title\" data-block-id=\"0\"><\/div>\n<h2 class=\"content-head__subtitle\"><img loading=\"lazy\" class=\"wp-image-173900 alignleft\" src=\"https:\/\/www.blogdotarugao.com.br\/v1\/wp-content\/uploads\/2025\/04\/a-2.jpg\" alt=\"\" width=\"584\" height=\"389\" \/><\/h2>\n<\/div>\n<\/div>\n<div class=\"mc-article-body\">\n<article>\n<div class=\"row medium-uncollapsed content-media content-photo\" data-block-type=\"backstage-photo\" data-block-id=\"2\">\n<div class=\" mc-column content-media__container\">\n<h3 class=\"content-media__description \">Escola onde professora foi esfaqueada em Caxias do Sul \u2014 Foto: Porthus Junior\/Ag\u00eancia RBS<\/h3>\n<\/div>\n<\/div>\n<p class=\" content-text__container \" data-track-category=\"Link no Texto\" data-track-links=\"\" data-mrf-recirculation=\"Mat\u00e9ria - Links no Texto\">Uma professora foi<strong>\u00a0esfaqueada por alunos<\/strong>\u00a0na escola municipal Jo\u00e3o de Zorzi, no in\u00edcio da tarde dessa ter\u00e7a-feira (1) em\u00a0<a class=\"\" href=\"https:\/\/g1.globo.com\/rs\/rio-grande-do-sul\/cidade\/caxias-do-sul\/\" data-mrf-link=\"https:\/\/g1.globo.com\/rs\/rio-grande-do-sul\/cidade\/caxias-do-sul\/\">Caxias do Sul<\/a>, na Serra do RS.\u00a0<a class=\"\" href=\"https:\/\/g1.globo.com\/rs\/rio-grande-do-sul\/noticia\/2025\/04\/01\/facada-em-professora-no-rs-apreendidos-caxias-do-sul.ghtml\" data-mrf-link=\"https:\/\/g1.globo.com\/rs\/rio-grande-do-sul\/noticia\/2025\/04\/01\/facada-em-professora-no-rs-apreendidos-caxias-do-sul.ghtml\">Tr\u00eas estudantes do 7\u00ba ano foram apreendidos por envolvimento no caso<\/a>. A informa\u00e7\u00e3o \u00e9 da Pol\u00edcia Civil.<\/p>\n<div class=\"wall protected-content\">\n<p class=\" content-text__container \" data-track-category=\"Link no Texto\" data-track-links=\"\" data-mrf-recirculation=\"Mat\u00e9ria - Links no Texto\">De acordo com a Brigada Militar (BM), os adolescentes apreendidos s\u00e3o\u00a0<strong>dois meninos<\/strong>, de\u00a0<strong>15\u00a0<\/strong>e\u00a0<strong>14 anos<\/strong>, e\u00a0<strong>uma menina<\/strong>, de\u00a0<strong>13 anos<\/strong>. Ap\u00f3s ser ouvida, a menina foi liberada.<\/p>\n<p class=\" content-text__container \" data-track-category=\"Link no Texto\" data-track-links=\"\" data-mrf-recirculation=\"Mat\u00e9ria - Links no Texto\">A professora foi atendida pelos bombeiros e encaminhada para atendimento m\u00e9dico no Hospital da Unimed pelo Samu. Segundo a Secretaria Municipal de Educa\u00e7\u00e3o, ela sofreu ferimentos leves e\u00a0<strong>n\u00e3o corre risco de morrer<\/strong>.<\/p>\n<p class=\" content-text__container \" data-track-category=\"Link no Texto\" data-track-links=\"\" data-mrf-recirculation=\"Mat\u00e9ria - Links no Texto\">Pais e respons\u00e1veis foram chamados \u00e0 escola para buscar os demais estudantes, e as aulas foram suspensas na rede municipal na quarta-feira (2).<\/p>\n<p class=\" content-text__container \" data-track-category=\"Link no Texto\" data-track-links=\"\" data-mrf-recirculation=\"Mat\u00e9ria - Links no Texto\">Em entrevista na tarde desta ter\u00e7a, o vice-prefeito de Caxias do Sul, Edson N\u00e9spolo, afirmou que o caso pode ser uma retalia\u00e7\u00e3o, pois a m\u00e3e de um dos adolescentes teria sido chamada pela dire\u00e7\u00e3o da escola na segunda-feira (31) por mau comportamento.<\/p>\n<blockquote class=\"content-blockquote theme-border-color-primary-before\"><p>&#8220;A m\u00e3e do adolescente esteve na escola e foi notificada de atos agressivos do aluno. Acho que foi um pouco de retalia\u00e7\u00e3o, infelizmente contra uma professora que n\u00e3o tinha praticamente nada a ver com isso. Ele se vingou da primeira pessoa que encontrou&#8221;, afirmou o vice-prefeito.<\/p><\/blockquote>\n<p class=\" content-text__container \" data-track-category=\"Link no Texto\" data-track-links=\"\" data-mrf-recirculation=\"Mat\u00e9ria - Links no Texto\">Tamb\u00e9m na tarde desta ter\u00e7a, o delegado regional Augusto Cavalheiro Neto afirmou que a pol\u00edcia acredita que o ato tenha sido premeditado.<\/p>\n<p class=\" content-text__container \" data-track-category=\"Link no Texto\" data-track-links=\"\" data-mrf-recirculation=\"Mat\u00e9ria - Links no Texto\">Em nota, a prefeitura de Caxias do Sul diz que &#8220;<span class=\"highlight highlighted\">alunos envolvidos no epis\u00f3dio j\u00e1 vinham sendo acompanhados pela escola, e, ap\u00f3s o ocorrido, a equipe da SMED seguir\u00e1 monitorando a situa\u00e7\u00e3o e providenciando os encaminhamentos necess\u00e1rios<\/span>&#8220;.<\/p>\n<p class=\" content-text__container \" data-track-category=\"Link no Texto\" data-track-links=\"\" data-mrf-recirculation=\"Mat\u00e9ria - Links no Texto\">As aulas foram suspensas na rede municipal nesta quarta-feira (2).<\/p>\n<p class=\" content-text__container \" data-track-category=\"Link no Texto\" data-track-links=\"\" data-mrf-recirculation=\"Mat\u00e9ria - Links no Texto\"><strong>Nota da Secretaria da Educa\u00e7\u00e3o de Caxias do Sul<\/strong><\/p>\n<p class=\" content-text__container \" data-track-category=\"Link no Texto\" data-track-links=\"\" data-mrf-recirculation=\"Mat\u00e9ria - Links no Texto\"><em>&#8220;A Secretaria Municipal da Educa\u00e7\u00e3o (SMED) informa que est\u00e1 dando todo suporte \u00e0 comunidade escolar diante do ocorrido nesta ter\u00e7a-feira (01.04) na EMEF Jo\u00e3o de Zorzi.<\/em><\/p>\n<p class=\" content-text__container \" data-track-category=\"Link no Texto\" data-track-links=\"\" data-mrf-recirculation=\"Mat\u00e9ria - Links no Texto\"><em>Neste momento a preocupa\u00e7\u00e3o \u00e9 com o bem-estar de estudantes e professores. A SMED informa ainda que todas as medidas est\u00e3o sendo tomadas para garantir o acolhimento dos envolvidos.<\/em><\/p>\n<p class=\" content-text__container \" data-track-category=\"Link no Texto\" data-track-links=\"\" data-mrf-recirculation=\"Mat\u00e9ria - Links no Texto\"><em>O Diretor Administrativo da SMED, Andr\u00e9 da Silveira, acompanhado pelas equipes Psicossocial e CIPAVE, est\u00e1 na escola prestando atendimento aos profissionais da escola e aos estudantes.<\/em><\/p>\n<div id=\"chunk-es03j\">\n<div class=\"mc-column content-text active-extra-styles \" data-block-type=\"unstyled\" data-block-weight=\"28\" data-block-id=\"20\">\n<h3 class=\" content-text__container \" data-track-category=\"Link no Texto\" data-mrf-recirculation=\"Mat\u00e9ria - Links no Texto\"><em>Os alunos envolvidos no epis\u00f3dio j\u00e1 vinham sendo acompanhados pela escola, e, ap\u00f3s o ocorrido, a equipe da SMED seguir\u00e1 monitorando a situa\u00e7\u00e3o e providenciando os encaminhamentos necess\u00e1rios.&#8221;<\/em><\/h3>\n<\/div>\n<\/div>\n<\/div>\n<\/article>\n<\/div>\n","protected":false},"excerpt":{"rendered":"<p>Escola onde professora foi esfaqueada em Caxias do Sul \u2014 Foto: Porthus Junior\/Ag\u00eancia RBS Uma professora foi\u00a0esfaqueada por alunos\u00a0na escola municipal Jo\u00e3o de Zorzi, no in\u00edcio da tarde dessa ter\u00e7a-feira (1) em\u00a0Caxias do Sul, na Serra do RS.\u00a0Tr\u00eas estudantes do 7\u00ba ano foram apreendidos por envolvimento no caso. A informa\u00e7\u00e3o \u00e9 da Pol\u00edcia Civil. De [&hellip;]<\/p>\n","protected":false},"author":2,"featured_media":173900,"comment_status":"open","ping_status":"open","sticky":false,"template":"","format":"standard","meta":{"_links_to":"","_links_to_target":""},"categories":[1],"tags":[],"_links":{"self":[{"href":"https:\/\/www.blogdotarugao.com.br\/v1\/wp-json\/wp\/v2\/posts\/173899"}],"collection":[{"href":"https:\/\/www.blogdotarugao.com.br\/v1\/wp-json\/wp\/v2\/posts"}],"about":[{"href":"https:\/\/www.blogdotarugao.com.br\/v1\/wp-json\/wp\/v2\/types\/post"}],"author":[{"embeddable":true,"href":"https:\/\/www.blogdotarugao.com.br\/v1\/wp-json\/wp\/v2\/users\/2"}],"replies":[{"embeddable":true,"href":"https:\/\/www.blogdotarugao.com.br\/v1\/wp-json\/wp\/v2\/comments?post=173899"}],"version-history":[{"count":3,"href":"https:\/\/www.blogdotarugao.com.br\/v1\/wp-json\/wp\/v2\/posts\/173899\/revisions"}],"predecessor-version":[{"id":173903,"href":"https:\/\/www.blogdotarugao.com.br\/v1\/wp-json\/wp\/v2\/posts\/173899\/revisions\/173903"}],"wp:featuredmedia":[{"embeddable":true,"href":"https:\/\/www.blogdotarugao.com.br\/v1\/wp-json\/wp\/v2\/media\/173900"}],"wp:attachment":[{"href":"https:\/\/www.blogdotarugao.com.br\/v1\/wp-json\/wp\/v2\/media?parent=173899"}],"wp:term":[{"taxonomy":"category","embeddable":true,"href":"https:\/\/www.blogdotarugao.com.br\/v1\/wp-json\/wp\/v2\/categories?post=173899"},{"taxonomy":"post_tag","embeddable":true,"href":"https:\/\/www.blogdotarugao.com.br\/v1\/wp-json\/wp\/v2\/tags?post=173899"}],"curies":[{"name":"wp","href":"https:\/\/api.w.org\/{rel}","templated":true}]}}