{"id":173907,"date":"2025-04-03T22:41:44","date_gmt":"2025-04-04T01:41:44","guid":{"rendered":"https:\/\/www.blogdotarugao.com.br\/v1\/?p=173907"},"modified":"2025-04-03T22:41:44","modified_gmt":"2025-04-04T01:41:44","slug":"prefeitura-aprova-lei-que-obriga-pai-nosso-nas-escolas","status":"publish","type":"post","link":"https:\/\/www.blogdotarugao.com.br\/v1\/2025\/04\/03\/prefeitura-aprova-lei-que-obriga-pai-nosso-nas-escolas\/","title":{"rendered":"PREFEITURA APROVA LEI QUE OBRIGA PAI-NOSSO NAS ESCOLAS"},"content":{"rendered":"<h3><img loading=\"lazy\" class=\"alignnone  wp-image-173908 alignleft\" src=\"https:\/\/www.blogdotarugao.com.br\/v1\/wp-content\/uploads\/2025\/04\/2013-598571077-2013032094128.jpg_20130320.jpg\" alt=\"\" width=\"580\" height=\"348\" \/><\/h3>\n<h3>Os alunos da rede municipal de\u00a0<a href=\"https:\/\/atarde.com.br\/?q=S%C3%A3o+Jos%C3%A9+do+Rio+Preto&amp;d=1\" target=\"_blank\" rel=\"noopener\" data-rel-defined=\"\">S\u00e3o Jos\u00e9 do Rio Preto<\/a>\u00a0(SP) ser\u00e3o obrigados a rezarem a ora\u00e7\u00e3o do Pai-Nosso ao menos uma vez por semana durante o ano letivo. A informa\u00e7\u00e3o \u00e9 da CNN.<\/h3>\n<h3>A determina\u00e7\u00e3o vem ap\u00f3s o prefeito Coronel F\u00e1bio Candido (PL), ter sancionado, na quarta-feira (2), um projeto de lei de autoria do presidente da C\u00e2mara Municipal, Luciano Juli\u00e3o (PL), que determina que a ora\u00e7\u00e3o deve ser realizada em hor\u00e1rio e dia previamente definido pela institui\u00e7\u00e3o de ensino, respeitando a rotina escolar.<\/h3>\n<h3>Al\u00e9m disso, a proposta estabelece que o \u201caluno que n\u00e3o desejar participar da ora\u00e7\u00e3o poder\u00e1 ser dispensado do ato e permanecer na respectiva sala de aula, devendo apresentar \u00e0 dire\u00e7\u00e3o declara\u00e7\u00e3o assinada pelos respons\u00e1veis manifestando sua op\u00e7\u00e3o de n\u00e3o participa\u00e7\u00e3o, eximindo-o da obriga\u00e7\u00e3o\u201d.<\/h3>\n<h3>Ao justificar a elabora\u00e7\u00e3o da proposta, o vereador Luciano Juli\u00e3o argumenta que a \u201cpr\u00e1tica da ora\u00e7\u00e3o pode contribuir para o desenvolvimento espiritual dos alunos, promovendo momentos de reflex\u00e3o e introspec\u00e7\u00e3o\u201d.<\/h3>\n<h3>Na avalia\u00e7\u00e3o de especialistas ouvidos pela CNN, a lei sancionada no munic\u00edpio do interior paulista \u00e9 inconstitucional. \u201cO Estado n\u00e3o pode obrigar ningu\u00e9m a professorar uma f\u00e9. Se for [uma a\u00e7\u00e3o] volunt\u00e1ria, o Estado n\u00e3o pode impedir. O que o Estado n\u00e3o pode \u00e9 obrigar. A laicidade diz duas coisas: n\u00e3o h\u00e1 religi\u00e3o oficial, e ningu\u00e9m pode ser obrigado a professorar uma f\u00e9\u201d, pondera o especialista Ac\u00e1cio Miranda da Silva Filho, doutor em Direito Constitucional pelo Instituto Brasileiro de Ensino, Desenvolvimento e Pesquisa (IDP).<\/h3>\n<h3>\u201cEmbora a lei permita ao aluno que n\u00e3o deseje participar, expressar a trave por escrito o seu desejo de n\u00e3o participar e poder ficar aguardando na sala de aula, me parece que o fato de voc\u00ea estabelecer em car\u00e1ter geral, uma obrigatoriedade dispens\u00e1vel por declara\u00e7\u00e3o, mas uma obrigatoriedade de se realizar uma ora\u00e7\u00e3o que \u00e9 pr\u00f3pria da f\u00e9 crist\u00e3, contraria a laicidade do Estado. A ideia do Estado laico n\u00e3o \u00e9 ir contra a liberdade religiosa, ao contr\u00e1rio, \u00e9 uma forma de garantir a liberdade religiosa\u201d, explicou o jurista Pedro Serrano, professor de Direito Constitucional da Universidade Cat\u00f3lica de S\u00e3o Paulo (PUC-SP).<\/h3>\n<p>RK<\/p>\n","protected":false},"excerpt":{"rendered":"<p>Os alunos da rede municipal de\u00a0S\u00e3o Jos\u00e9 do Rio Preto\u00a0(SP) ser\u00e3o obrigados a rezarem a ora\u00e7\u00e3o do Pai-Nosso ao menos uma vez por semana durante o ano letivo. A informa\u00e7\u00e3o \u00e9 da CNN. A determina\u00e7\u00e3o vem ap\u00f3s o prefeito Coronel F\u00e1bio Candido (PL), ter sancionado, na quarta-feira (2), um projeto de lei de autoria do [&hellip;]<\/p>\n","protected":false},"author":2,"featured_media":173908,"comment_status":"open","ping_status":"open","sticky":false,"template":"","format":"standard","meta":{"_links_to":"","_links_to_target":""},"categories":[1],"tags":[],"_links":{"self":[{"href":"https:\/\/www.blogdotarugao.com.br\/v1\/wp-json\/wp\/v2\/posts\/173907"}],"collection":[{"href":"https:\/\/www.blogdotarugao.com.br\/v1\/wp-json\/wp\/v2\/posts"}],"about":[{"href":"https:\/\/www.blogdotarugao.com.br\/v1\/wp-json\/wp\/v2\/types\/post"}],"author":[{"embeddable":true,"href":"https:\/\/www.blogdotarugao.com.br\/v1\/wp-json\/wp\/v2\/users\/2"}],"replies":[{"embeddable":true,"href":"https:\/\/www.blogdotarugao.com.br\/v1\/wp-json\/wp\/v2\/comments?post=173907"}],"version-history":[{"count":1,"href":"https:\/\/www.blogdotarugao.com.br\/v1\/wp-json\/wp\/v2\/posts\/173907\/revisions"}],"predecessor-version":[{"id":173909,"href":"https:\/\/www.blogdotarugao.com.br\/v1\/wp-json\/wp\/v2\/posts\/173907\/revisions\/173909"}],"wp:featuredmedia":[{"embeddable":true,"href":"https:\/\/www.blogdotarugao.com.br\/v1\/wp-json\/wp\/v2\/media\/173908"}],"wp:attachment":[{"href":"https:\/\/www.blogdotarugao.com.br\/v1\/wp-json\/wp\/v2\/media?parent=173907"}],"wp:term":[{"taxonomy":"category","embeddable":true,"href":"https:\/\/www.blogdotarugao.com.br\/v1\/wp-json\/wp\/v2\/categories?post=173907"},{"taxonomy":"post_tag","embeddable":true,"href":"https:\/\/www.blogdotarugao.com.br\/v1\/wp-json\/wp\/v2\/tags?post=173907"}],"curies":[{"name":"wp","href":"https:\/\/api.w.org\/{rel}","templated":true}]}}