{"id":173910,"date":"2025-04-03T23:18:14","date_gmt":"2025-04-04T02:18:14","guid":{"rendered":"https:\/\/www.blogdotarugao.com.br\/v1\/?p=173910"},"modified":"2025-04-03T23:18:14","modified_gmt":"2025-04-04T02:18:14","slug":"morre-cliente-baleado-dentro-de-agencia-da-caixa-economica-na-bahia-assista","status":"publish","type":"post","link":"https:\/\/www.blogdotarugao.com.br\/v1\/2025\/04\/03\/morre-cliente-baleado-dentro-de-agencia-da-caixa-economica-na-bahia-assista\/","title":{"rendered":"MORRE CLIENTE BALEADO DENTRO DE AG\u00caNCIA DA CAIXA ECON\u00d4MICA NA BAHIA; ASSISTA"},"content":{"rendered":"<div><img loading=\"lazy\" class=\"alignnone  wp-image-173912 alignleft\" src=\"https:\/\/www.blogdotarugao.com.br\/v1\/wp-content\/uploads\/2025\/04\/GridArt_20250403_194908640.jpg\" alt=\"\" width=\"581\" height=\"358\" \/><\/div>\n<div><b>O <a href=\"https:\/\/atarde.com.br\/bahia\/desespero-cliente-e-baleado-dentro-da-caixa-economica-na-bahia-1313043\">cliente baleado pelo seguran\u00e7a da Caixa Econ\u00f4mica Federal, em Dias d&#8217;\u00c1vila<\/a>, morreu no in\u00edcio da noite desta quinta-feira, 03. Sidnei de Souza Azevedo, de 43 anos foi atingido na perna, chegou a ser socorrido para uma unidade de sa\u00fade, mas n\u00e3o resistiu aos ferimentos. A informa\u00e7\u00e3o foi confirmada ao Portal A TARDE pela Pol\u00edcia Civil.<\/b><\/div>\n<div>\n<div class=\"columns-inner\">\n<div class=\"column-center-outer\">\n<div class=\"column-center-inner\">\n<div id=\"main\" class=\"main section\">\n<div id=\"Blog1\" class=\"widget Blog\" data-version=\"1\">\n<div class=\"blog-posts hfeed\">\n<div class=\"date-outer\">\n<div class=\"date-posts\">\n<div class=\"post-outer\">\n<div class=\"post hentry uncustomized-post-template\">\n<div id=\"post-body-321441436673275550\" class=\"post-body entry-content\">\n<div><b>\u00a0<\/b><\/div>\n<div><b>A v\u00edtima discutiu com o gerente da ag\u00eancia banc\u00e1ria, quando o vigilante interveio para defend\u00ea-lo. Durante a a\u00e7\u00e3o, Sidnei agrediu o seguran\u00e7a, que reagiu atirando contra ele.<\/b><\/div>\n<div><b>\u00a0<\/b><\/div>\n<div><b>Segundo a Pol\u00edcia Civil, o seguran\u00e7a envolvido, de 35 anos, foi preso em flagrante pela morte de Sidnei. Ainda de acordo com a Pol\u00edcia Civil, a equipes segue com dilig\u00eancias e oitivas para esclarecer todas as circunst\u00e2ncias e os detalhes do fato.<\/b><\/div>\n<div><\/div>\n<div><b>Durante a ocorr\u00eancia, a ag\u00eancia estava funcionando na hora do ocorrido, gerando p\u00e2nico entre os outros clientes. A Pol\u00edcia Militar foi acionada e esteve na ag\u00eancia para controlar a situa\u00e7\u00e3o e dar in\u00edcio \u00e0s investiga\u00e7\u00f5es.<\/b><\/div>\n<div><b>V\u00eddeo;<\/b><\/div>\n<div>\n<div class=\"separator\"><iframe loading=\"lazy\" id=\"BLOGGER-video-9450356efee2e630-132\" class=\"b-hbp-video b-uploaded\" src=\"https:\/\/www.blogger.com\/video.g?token=AD6v5dxu6clUZ3hB5Ji_NC4hLZ7Ft3otcwKnJCIk17kxuN_CQqqWsgCxEXO0mYqY6KUxOa9l2Agmz4mwRjN4aqkFVc4FqzlnxKPq9cNYU8TewrU4NAMDHYKSV-_oCDcZEZnvF6WWgQ\" width=\"538\" height=\"448\" frameborder=\"0\" allowfullscreen=\"allowfullscreen\" data-mce-fragment=\"1\"><\/iframe><\/div>\n<\/div>\n<\/div>\n<\/div>\n<\/div>\n<\/div>\n<\/div>\n<\/div>\n<\/div>\n<\/div>\n<\/div>\n<\/div>\n<\/div>\n<\/div>\n<div><b>A v\u00edtima discutiu com o gerente da ag\u00eancia banc\u00e1ria, quando o vigilante interveio para defend\u00ea-lo. Durante a a\u00e7\u00e3o, Sidnei agrediu o seguran\u00e7a, que reagiu atirando contra ele.<\/b><\/div>\n<div><b>\u00a0<\/b><\/div>\n<div><b>Segundo a Pol\u00edcia Civil, o seguran\u00e7a envolvido, de 35 anos, foi preso em flagrante pela morte de Sidnei. Ainda de acordo com a Pol\u00edcia Civil, a equipes segue com dilig\u00eancias e oitivas para esclarecer todas as circunst\u00e2ncias e os detalhes do fato.<\/b><\/div>\n<div><\/div>\n<div><b>Durante a ocorr\u00eancia, a ag\u00eancia estava funcionando na hora do ocorrido, gerando p\u00e2nico entre os outros clientes. A Pol\u00edcia Militar foi acionada e esteve na ag\u00eancia para controlar a situa\u00e7\u00e3o e dar in\u00edcio \u00e0s investiga\u00e7\u00f5es.<\/b><\/div>\n<div>RK<\/div>\n","protected":false},"excerpt":{"rendered":"<p>O cliente baleado pelo seguran\u00e7a da Caixa Econ\u00f4mica Federal, em Dias d&#8217;\u00c1vila, morreu no in\u00edcio da noite desta quinta-feira, 03. Sidnei de Souza Azevedo, de 43 anos foi atingido na perna, chegou a ser socorrido para uma unidade de sa\u00fade, mas n\u00e3o resistiu aos ferimentos. A informa\u00e7\u00e3o foi confirmada ao Portal A TARDE pela Pol\u00edcia [&hellip;]<\/p>\n","protected":false},"author":2,"featured_media":173912,"comment_status":"open","ping_status":"open","sticky":false,"template":"","format":"standard","meta":{"_links_to":"","_links_to_target":""},"categories":[1],"tags":[],"_links":{"self":[{"href":"https:\/\/www.blogdotarugao.com.br\/v1\/wp-json\/wp\/v2\/posts\/173910"}],"collection":[{"href":"https:\/\/www.blogdotarugao.com.br\/v1\/wp-json\/wp\/v2\/posts"}],"about":[{"href":"https:\/\/www.blogdotarugao.com.br\/v1\/wp-json\/wp\/v2\/types\/post"}],"author":[{"embeddable":true,"href":"https:\/\/www.blogdotarugao.com.br\/v1\/wp-json\/wp\/v2\/users\/2"}],"replies":[{"embeddable":true,"href":"https:\/\/www.blogdotarugao.com.br\/v1\/wp-json\/wp\/v2\/comments?post=173910"}],"version-history":[{"count":2,"href":"https:\/\/www.blogdotarugao.com.br\/v1\/wp-json\/wp\/v2\/posts\/173910\/revisions"}],"predecessor-version":[{"id":173913,"href":"https:\/\/www.blogdotarugao.com.br\/v1\/wp-json\/wp\/v2\/posts\/173910\/revisions\/173913"}],"wp:featuredmedia":[{"embeddable":true,"href":"https:\/\/www.blogdotarugao.com.br\/v1\/wp-json\/wp\/v2\/media\/173912"}],"wp:attachment":[{"href":"https:\/\/www.blogdotarugao.com.br\/v1\/wp-json\/wp\/v2\/media?parent=173910"}],"wp:term":[{"taxonomy":"category","embeddable":true,"href":"https:\/\/www.blogdotarugao.com.br\/v1\/wp-json\/wp\/v2\/categories?post=173910"},{"taxonomy":"post_tag","embeddable":true,"href":"https:\/\/www.blogdotarugao.com.br\/v1\/wp-json\/wp\/v2\/tags?post=173910"}],"curies":[{"name":"wp","href":"https:\/\/api.w.org\/{rel}","templated":true}]}}